{"id":25477,"date":"2024-05-03T18:24:00","date_gmt":"2024-05-03T21:24:00","guid":{"rendered":"https:\/\/pcce.com.ar\/pcce\/?p=25477"},"modified":"2024-05-03T18:24:00","modified_gmt":"2024-05-03T21:24:00","slug":"los-90-anos-de-julio-cuadros-ejemplo-de-lucha-y-militancia","status":"publish","type":"post","link":"https:\/\/pcce.com.ar\/pcce\/2024\/05\/03\/los-90-anos-de-julio-cuadros-ejemplo-de-lucha-y-militancia\/","title":{"rendered":"LOS 90 A\u00d1OS DE JULIO CUADROS:  Ejemplo de lucha y militancia"},"content":{"rendered":"<h4>LOS 90 A\u00d1OS DE JULIO CUADROS<\/h4>\n<h1 class=\"p1\"><span class=\"s1\">Ejemplo de lucha y militancia<\/span><\/h1>\n<p class=\"p1\"><span class=\"s1\">E<\/span><span class=\"s1\">l s\u00e1bado 13 de abril celebramos el 90 cumplea\u00f1os del camarada Julio y reivindicamos sus 70 a\u00f1os de consecuente militancia comunista.<span class=\"Apple-converted-space\">\u00a0<\/span><\/span><\/p>\n<p class=\"p2\"><span class=\"s1\">Compartimos una cena de amistad y camarader\u00eda, donde llenamos el local de Vicente Lopez con amigos de Julio, viejos y nuevos compa\u00f1eros de lucha. A la hora de los brindis el camarada nos convid\u00f3 con unas sentidas palabras. Comparti\u00f3 un sencillo relato en el que nos cont\u00f3 brevemente c\u00f3mo comenz\u00f3 su militancia, c\u00f3mo se form\u00f3 la decisi\u00f3n de ser comunista. Al hablar de su recorrido nos explic\u00f3 que no hay m\u00e9ritos personales para un militante, pues somos <em>hijos del Partido.<\/em><\/span><\/p>\n<p class=\"p2\"><span class=\"s1\">A continuaci\u00f3n hicimos una ronda de brindis cargados de alegr\u00eda y emoci\u00f3n, pasi\u00f3n y cari\u00f1o, principalmente haciendo referencia al faro ideol\u00f3gico y de acci\u00f3n que son nuestros camaradas hist\u00f3ricos, su consecuencia en la aplicaci\u00f3n de nuestra l\u00ednea revolucionaria.<\/span><\/p>\n<p class=\"p2\"><span class=\"s1\">Tambi\u00e9n escuchamos las palabras de Pablo Pereyra quien reconoci\u00f3 el esp\u00edritu juvenil de quienes deciden esa forma de vivir la vida, peleando por un mundo mejor, pensando en los dem\u00e1s y no en uno mismo. Mencion\u00f3 la labor de nuestros veteranos que, con Jorge Pereyra a la cabeza, se pusieron a construir este Partido en momentos m\u00e1s dif\u00edciles que hoy. En todas las \u00e9pocas hubo quienes con soberbia ideol\u00f3gica lo subestimaron a \u00e9l y a nuestro Partido. Aunque le sobrara experiencia y raz\u00f3n, Julio sali\u00f3 siempre a dar el debate con toda su humildad y con toda la paciencia que lo caracteriza.<\/span><\/p>\n<p class=\"p2\"><span class=\"s1\">Coronamos los brindis haciendo entrega del carnet de afiliada a una nueva camarada. Seguimos creciendo, y seguimos teniendo el orgullo de militar junto a compa\u00f1eros como Julio. Con el ejemplo de su actitud y amistad queremos llegar a los 90 a\u00f1os sosteniendo las banderas del Partido.<\/span><\/p>\n<p class=\"p2\"><span class=\"s1\">\u00a1Felices 90 a\u00f1os, Julio!<\/span><\/p>\n","protected":false},"excerpt":{"rendered":"<p>LOS 90 A\u00d1OS DE JULIO CUADROS Ejemplo de lucha y militancia El s\u00e1bado 13 de abril celebramos el 90 cumplea\u00f1os del camarada Julio y reivindicamos sus 70 a\u00f1os de consecuente militancia comunista.\u00a0 Compartimos una cena de amistad y camarader\u00eda, donde llenamos el local de Vicente Lopez con amigos de Julio, viejos y nuevos compa\u00f1eros de [&hellip;]<\/p>\n","protected":false},"author":1,"featured_media":25486,"comment_status":"closed","ping_status":"closed","sticky":false,"template":"","format":"standard","meta":{"tdm_status":"","tdm_grid_status":"","footnotes":""},"categories":[4,9],"tags":[],"class_list":["post-25477","post","type-post","status-publish","format-standard","has-post-thumbnail","hentry","category-featured","category-vidadepartido"],"_links":{"self":[{"href":"https:\/\/pcce.com.ar\/pcce\/wp-json\/wp\/v2\/posts\/25477","targetHints":{"allow":["GET"]}}],"collection":[{"href":"https:\/\/pcce.com.ar\/pcce\/wp-json\/wp\/v2\/posts"}],"about":[{"href":"https:\/\/pcce.com.ar\/pcce\/wp-json\/wp\/v2\/types\/post"}],"author":[{"embeddable":true,"href":"https:\/\/pcce.com.ar\/pcce\/wp-json\/wp\/v2\/users\/1"}],"replies":[{"embeddable":true,"href":"https:\/\/pcce.com.ar\/pcce\/wp-json\/wp\/v2\/comments?post=25477"}],"version-history":[{"count":0,"href":"https:\/\/pcce.com.ar\/pcce\/wp-json\/wp\/v2\/posts\/25477\/revisions"}],"wp:featuredmedia":[{"embeddable":true,"href":"https:\/\/pcce.com.ar\/pcce\/wp-json\/wp\/v2\/media\/25486"}],"wp:attachment":[{"href":"https:\/\/pcce.com.ar\/pcce\/wp-json\/wp\/v2\/media?parent=25477"}],"wp:term":[{"taxonomy":"category","embeddable":true,"href":"https:\/\/pcce.com.ar\/pcce\/wp-json\/wp\/v2\/categories?post=25477"},{"taxonomy":"post_tag","embeddable":true,"href":"https:\/\/pcce.com.ar\/pcce\/wp-json\/wp\/v2\/tags?post=25477"}],"curies":[{"name":"wp","href":"https:\/\/api.w.org\/{rel}","templated":true}]}}