{"id":25506,"date":"2024-05-31T19:58:21","date_gmt":"2024-05-31T22:58:21","guid":{"rendered":"https:\/\/pcce.com.ar\/pcce\/?p=25506"},"modified":"2024-05-31T19:58:21","modified_gmt":"2024-05-31T22:58:21","slug":"la-crisis-en-misiones-se-extiende-a-todo-el-pais-crece-la-resistencia-al-ajuste","status":"publish","type":"post","link":"https:\/\/pcce.com.ar\/pcce\/2024\/05\/31\/la-crisis-en-misiones-se-extiende-a-todo-el-pais-crece-la-resistencia-al-ajuste\/","title":{"rendered":"LA CRISIS EN MISIONES SE EXTIENDE A TODO EL PA\u00cdS: Crece la resistencia al ajuste"},"content":{"rendered":"<h4>LA CRISIS EN MISIONES SE EXTIENDE A TODO EL PA\u00cdS<\/h4>\n<h1>Crece la resistencia al ajuste<\/h1>\n<p class=\"p1\"><span class=\"s1\">M<\/span><span class=\"s1\">ilei siempre dijo que \u201cMenem es el mejor presidente que tuvo la democracia en los \u00faltimos 40 a\u00f1os\u201d. En consecuencia, sufrimos el retorno vertiginoso a la d\u00e9cada del 90 en materia pol\u00edtica y econ\u00f3mica produciendo, como en aquel momento, graves consecuencias para los sectores populares. La desocupaci\u00f3n crece al mismo ritmo de la inflaci\u00f3n, generando una crisis social que se expresa en un 55% de pobreza, lo que significa que hay 24 millones de personas que a duras penas sobreviven. A fines del 2023 la pobreza era del 44,9%, esto significa que se se sumaron este a\u00f1o 3.200.000 de nuevos pobres, seg\u00fan datos oficiales publicados por el INDEC.<span class=\"Apple-converted-space\">\u00a0<\/span><\/span><\/p>\n<p class=\"p2\"><span class=\"s1\">De manera simult\u00e1nea vemos c\u00f3mo Javier Milei realiza viajes particulares, presenta su propio libro con show incluido y retiene en galpones 5 millones de kilos de alimentos (que no se reparten a los comedores populares) por un capricho insensible del propio gobierno. Mientras aumenta el hambre y provincias como Misiones est\u00e1n al borde del estallido social, los medios hegem\u00f3nicos aliados al gobierno nacional siguen distrayendo a la opini\u00f3n p\u00fablica justificando lo injustificable.<span class=\"Apple-converted-space\">\u00a0<\/span><\/span><\/p>\n<p class=\"p2\"><span class=\"s1\">El ajuste \u201cmas grande de la historia\u201d tiene una relaci\u00f3n directa con el crecimiento de la conflictividad social. La actual administraci\u00f3n redujo en un 79,7% los gastos de capital, paralizando pr\u00e1cticamente la obra p\u00fablica en todo el pa\u00eds, y recort\u00f3 en un 75,6% las transferencias corrientes a las provincias, adem\u00e1s de eliminar el Fondo de Incentivo Docente (FONID) y las paritarias nacionales, entre otras decisiones extremas. Escalan las luchas en diferentes puntos del territorio nacional, que ya no pueden ser silenciadas.<\/span><\/p>\n<p class=\"p2\"><span class=\"s1\">Los docentes, trabajadores de la salud y polic\u00edas de Misiones se mantienen movilizados para lograr una recomposici\u00f3n salarial que logre recuperar el poder adquisitivo. Las propuestas realizadas por el gobernador Hugo Passalacqua es insuficiente y est\u00e1 muy lejos del 100% que reclaman los trabajadores. En consecuencia, y a pesar de la represi\u00f3n a los docentes por parte de la Gendarmer\u00eda e Infanter\u00eda, crece la movilizaci\u00f3n y aumenta la uni\u00f3n entre la clase trabajadora, donde se suman los sectores energ\u00e9ticos del Sindicato de Luz y Fuerza de Misiones.<span class=\"Apple-converted-space\">\u00a0<\/span><\/span><\/p>\n<p class=\"p2\"><span class=\"s1\">En la ciudad de C\u00f3rdoba, donde se realiz\u00f3 el acto del 25 de Mayo, trabajadores estatales nucleados en ATE cortaron la ruta para repudiar las pol\u00edticas de ajuste y tambi\u00e9n fueron reprimidos por Gendarmer\u00eda. La imagen de una mujer jubilada golpeada por cinco polic\u00edas marca la brutalidad con la que el gobierno responde a quienes se resisten a las pol\u00edticas econ\u00f3micas. En Santa Fe los sindicatos estatales est\u00e1n en una situaci\u00f3n de alerta con movilizaciones sistem\u00e1ticas contra el ajuste y aumentos de precios mientras el gobierno de Maximiliano Pullaro sostiene una pol\u00edtica hostil contra trabajadores y trabajadoras, con descuentos de d\u00edas de paro y presentismo encubierto en un contexto de salarios a la baja.<span class=\"Apple-converted-space\">\u00a0<\/span><\/span><\/p>\n<p class=\"p2\"><span class=\"s1\">La insensibilidad y deshumanizaci\u00f3n del gobierno, que s\u00f3lo beneficia a los grandes monopolios transnacionales, paralelamente produce el cierre de medianas y peque\u00f1as empresas, aumento del desempleo y la ca\u00edda del valor de los salarios, las jubilaciones y las pensiones. Se consolida la recesi\u00f3n con muchas empresas con ca\u00eddas en su nivel de producci\u00f3n que despiden trabajadores y trabajadoras. Esto reduce el nivel de consumo y todo ello repercute en nuevas bajas de actividad econ\u00f3mica con cierres de comercios. No se puede recortar el gasto p\u00fablico como lo est\u00e1 haciendo el gobierno sin que ello afecte a la mayor\u00eda de la poblaci\u00f3n. En este escenario alarmante, vuelve a aparecer la necesidad de emisi\u00f3n de \u201cbonos\u201d para poder afrontar compromisos econ\u00f3micos por parte de provincias como La Rioja. Una verdadera remake de los 90 que desencaden\u00f3 en el descalabro del 2001.<span class=\"Apple-converted-space\">\u00a0<\/span><\/span><\/p>\n","protected":false},"excerpt":{"rendered":"<p>LA CRISIS EN MISIONES SE EXTIENDE A TODO EL PA\u00cdS Crece la resistencia al ajuste Milei siempre dijo que \u201cMenem es el mejor presidente que tuvo la democracia en los \u00faltimos 40 a\u00f1os\u201d. En consecuencia, sufrimos el retorno vertiginoso a la d\u00e9cada del 90 en materia pol\u00edtica y econ\u00f3mica produciendo, como en aquel momento, graves [&hellip;]<\/p>\n","protected":false},"author":1,"featured_media":25516,"comment_status":"closed","ping_status":"closed","sticky":false,"template":"","format":"standard","meta":{"tdm_status":"","tdm_grid_status":"","footnotes":""},"categories":[4,19],"tags":[],"class_list":["post-25506","post","type-post","status-publish","format-standard","has-post-thumbnail","hentry","category-featured","category-pagina2"],"_links":{"self":[{"href":"https:\/\/pcce.com.ar\/pcce\/wp-json\/wp\/v2\/posts\/25506","targetHints":{"allow":["GET"]}}],"collection":[{"href":"https:\/\/pcce.com.ar\/pcce\/wp-json\/wp\/v2\/posts"}],"about":[{"href":"https:\/\/pcce.com.ar\/pcce\/wp-json\/wp\/v2\/types\/post"}],"author":[{"embeddable":true,"href":"https:\/\/pcce.com.ar\/pcce\/wp-json\/wp\/v2\/users\/1"}],"replies":[{"embeddable":true,"href":"https:\/\/pcce.com.ar\/pcce\/wp-json\/wp\/v2\/comments?post=25506"}],"version-history":[{"count":0,"href":"https:\/\/pcce.com.ar\/pcce\/wp-json\/wp\/v2\/posts\/25506\/revisions"}],"wp:featuredmedia":[{"embeddable":true,"href":"https:\/\/pcce.com.ar\/pcce\/wp-json\/wp\/v2\/media\/25516"}],"wp:attachment":[{"href":"https:\/\/pcce.com.ar\/pcce\/wp-json\/wp\/v2\/media?parent=25506"}],"wp:term":[{"taxonomy":"category","embeddable":true,"href":"https:\/\/pcce.com.ar\/pcce\/wp-json\/wp\/v2\/categories?post=25506"},{"taxonomy":"post_tag","embeddable":true,"href":"https:\/\/pcce.com.ar\/pcce\/wp-json\/wp\/v2\/tags?post=25506"}],"curies":[{"name":"wp","href":"https:\/\/api.w.org\/{rel}","templated":true}]}}