{"id":25511,"date":"2024-05-31T19:54:57","date_gmt":"2024-05-31T22:54:57","guid":{"rendered":"https:\/\/pcce.com.ar\/pcce\/?p=25511"},"modified":"2024-05-31T19:54:57","modified_gmt":"2024-05-31T22:54:57","slug":"centro-cultural-mercedes-sosa-accion-politica-y-cultural-para-munro","status":"publish","type":"post","link":"https:\/\/pcce.com.ar\/pcce\/2024\/05\/31\/centro-cultural-mercedes-sosa-accion-politica-y-cultural-para-munro\/","title":{"rendered":"CENTRO CULTURAL MERCEDES SOSA: Acci\u00f3n pol\u00edtica y cultural para Munro"},"content":{"rendered":"<h4 class=\"p1\"><span class=\"s1\">CENTRO CULTURAL MERCEDES SOSA<\/span><\/h4>\n<h1 class=\"p2\"><span class=\"s1\">Acci\u00f3n pol\u00edtica y cultural para Munro<span class=\"Apple-converted-space\">\u00a0<\/span><\/span><\/h1>\n<p class=\"p1\"><span class=\"s1\">E<\/span><span class=\"s1\">n el CCMS continuamos con las actividades culturales dando vida al espacio con el que intervenimos en la zona hace casi 5 a\u00f1os. Realizamos una milonga muy concurrida y muy sentida el 17 de mayo en la que se comparti\u00f3 una noche de tango de la mano de m\u00fasicos y amigos, cantantes y lxs profes de baile. De esta forma regularmente funciona un evento muy importante para el esp\u00edritu colectivo de la comunidad que concurre al Centro Cultural y los artistas con los que compartimos la pr\u00e1ctica cotidiana.<\/span><\/p>\n<p class=\"p2\"><span class=\"s1\">El s\u00e1bado 25 hicimos un locro por el D\u00eda de la Patria que sali\u00f3 muy rico y necesario para estos d\u00edas fr\u00edos, y sobre todo donde se banalizan nuestras fechas patrias y su significado. Con la inspiraci\u00f3n de la generaci\u00f3n de mayo nos proponemos salir a convocar en la defensa de la Patria a esa marea de dignidad que signific\u00f3 la marcha por la educaci\u00f3n p\u00fablica, el 1 de mayo y el paro nacional del 9. Con entusiasmo e iniciativa creativa estuvimos en las calles vendiendo porciones, repartiendo volantes de nuevos talleres y atendiendo a levantar el sentir popular de nuestro barrio, nuestra soberan\u00eda cultural, y aportar con un peque\u00f1o espacio para el encuentro y la organizaci\u00f3n.<\/span><\/p>\n","protected":false},"excerpt":{"rendered":"<p>CENTRO CULTURAL MERCEDES SOSA Acci\u00f3n pol\u00edtica y cultural para Munro\u00a0 En el CCMS continuamos con las actividades culturales dando vida al espacio con el que intervenimos en la zona hace casi 5 a\u00f1os. Realizamos una milonga muy concurrida y muy sentida el 17 de mayo en la que se comparti\u00f3 una noche de tango de [&hellip;]<\/p>\n","protected":false},"author":1,"featured_media":25521,"comment_status":"closed","ping_status":"closed","sticky":false,"template":"","format":"standard","meta":{"tdm_status":"","tdm_grid_status":"","footnotes":""},"categories":[4,9],"tags":[],"class_list":["post-25511","post","type-post","status-publish","format-standard","has-post-thumbnail","hentry","category-featured","category-vidadepartido"],"_links":{"self":[{"href":"https:\/\/pcce.com.ar\/pcce\/wp-json\/wp\/v2\/posts\/25511","targetHints":{"allow":["GET"]}}],"collection":[{"href":"https:\/\/pcce.com.ar\/pcce\/wp-json\/wp\/v2\/posts"}],"about":[{"href":"https:\/\/pcce.com.ar\/pcce\/wp-json\/wp\/v2\/types\/post"}],"author":[{"embeddable":true,"href":"https:\/\/pcce.com.ar\/pcce\/wp-json\/wp\/v2\/users\/1"}],"replies":[{"embeddable":true,"href":"https:\/\/pcce.com.ar\/pcce\/wp-json\/wp\/v2\/comments?post=25511"}],"version-history":[{"count":0,"href":"https:\/\/pcce.com.ar\/pcce\/wp-json\/wp\/v2\/posts\/25511\/revisions"}],"wp:featuredmedia":[{"embeddable":true,"href":"https:\/\/pcce.com.ar\/pcce\/wp-json\/wp\/v2\/media\/25521"}],"wp:attachment":[{"href":"https:\/\/pcce.com.ar\/pcce\/wp-json\/wp\/v2\/media?parent=25511"}],"wp:term":[{"taxonomy":"category","embeddable":true,"href":"https:\/\/pcce.com.ar\/pcce\/wp-json\/wp\/v2\/categories?post=25511"},{"taxonomy":"post_tag","embeddable":true,"href":"https:\/\/pcce.com.ar\/pcce\/wp-json\/wp\/v2\/tags?post=25511"}],"curies":[{"name":"wp","href":"https:\/\/api.w.org\/{rel}","templated":true}]}}