{"id":2558,"date":"2017-12-27T10:55:52","date_gmt":"2017-12-27T13:55:52","guid":{"rendered":"https:\/\/pcce.com.ar\/pcce\/?p=2558"},"modified":"2017-12-27T10:55:52","modified_gmt":"2017-12-27T13:55:52","slug":"partido-comunista-de-la-argentina-100-anos-de-lucha","status":"publish","type":"post","link":"https:\/\/pcce.com.ar\/pcce\/2017\/12\/27\/partido-comunista-de-la-argentina-100-anos-de-lucha\/","title":{"rendered":"PARTIDO COMUNISTA DE LA ARGENTINA: 100 a\u00f1os de lucha."},"content":{"rendered":"<div class=\"story\">\n<h4 class=\"basic-paragraph\"><span class=\"mayuscula\">PARTIDO COMUNISTA DE LA ARGENTINA<\/span><\/h4>\n<\/div>\n<div class=\"story\">\n<h1 class=\"titulo-2\">100 a\u00f1os de lucha<\/h1>\n<\/div>\n<div class=\"story\">\n<p class=\"copete-general\">Por Rodolfo G. M\u00f3dena<\/p>\n<\/div>\n<div class=\"story\">\n<p class=\"capitular-texto-gral\">El pr\u00f3ximo 6 de enero se cumplir\u00e1n cien a\u00f1os de la fundaci\u00f3n del Partido Comunista de la Argentina.<\/p>\n<p class=\"basic-paragraph\">El proceso fundacional estuvo precedido de varios a\u00f1os de intenso debate en las filas del Partido Socialista en torno a la actitud frente a la Primera Guerra Mundial interimperialista.<\/p>\n<p class=\"basic-paragraph\">Por aquel entonces, Victorio Codovilla, Rodolfo Ghioldi y el grueso de la Federaci\u00f3n Juvenil Socialista, junto a varios veteranos marxistas como Augusto K\u00fchn, fundador de La Vanguardia y del Partido Socialista, se alzaron contra la guerra y la traici\u00f3n de las dirigencias claudicantes de la II Internacional.<\/p>\n<p class=\"basic-paragraph\">Lenin ven\u00eda dando la batalla ideol\u00f3gica y pol\u00edtica sin cuartel contra la guerra y por la revoluci\u00f3n en el seno del Partido Obrero Socialdem\u00f3crata Ruso y la II Internacional. En todos los partidos socialistas del mundo se libraba la misma batalla.<\/p>\n<p class=\"basic-paragraph\">Y aqu\u00ed, antes de la Revoluci\u00f3n de Octubre misma, un Congreso Extraordinario del Partido Socialista -en 1917- aprob\u00f3 las tesis internacionalistas contra la guerra. La respuesta de la c\u00fapula del PS fue el desconocimiento de la resoluci\u00f3n de tal Congreso y la sanci\u00f3n a numerosos cuadros y militantes del PS.<\/p>\n<p class=\"basic-paragraph\">La respuesta ser\u00eda el Congreso fundacional del 6 de enero de 1918 en La Verdi del barrio porte\u00f1o de La Boca, en el que se constituy\u00f3 el Partido Socialista Internacional, nombre inicial de nuestro Partido, que adoptar\u00eda el nombre de Partido Comunista en 1921, cuando Rodolfo Ghioldi llev\u00f3 su representaci\u00f3n al III Congreso de la Internacional Comunista celebrado en Mosc\u00fa.<\/p>\n<p class=\"basic-paragraph\">El nuevo partido atravesar\u00eda una d\u00e9cada de b\u00fasqueda, estudios y debates en pos de asimilar el leninismo y una interpretaci\u00f3n cient\u00edfica de la estructura econ\u00f3mico-social argentina y de la realidad latinoamericana.<\/p>\n<p class=\"basic-paragraph\">Ser\u00eda en su VIII Congreso de 1928, cuando el Partido defini\u00f3 la primera caracterizaci\u00f3n de la estructura econ\u00f3mico-social argentina como pa\u00eds capitalista dependiente con resabios feudales, as\u00ed como el car\u00e1cter de la revoluci\u00f3n necesaria como democr\u00e1tica, antiolig\u00e1rquica y antimperialista con vistas al socialismo.<\/p>\n<p class=\"basic-paragraph\">Otro hito importante fue el XI Congreso de 1946, en el que Victorio Codovilla exhorta a militar en conjunto con las masas trabajadoras peronistas.<\/p>\n<p class=\"basic-paragraph\">Luego, en tiempos de la resistencia a la \u201cFusiladora\u201d, el mismo Codovilla insiste con la l\u00ednea de la unidad de acci\u00f3n con el peronismo en el camino de la construcci\u00f3n del frente de liberaci\u00f3n nacional y social.<\/p>\n<p class=\"basic-paragraph\">En igual direcci\u00f3n condujo Jorge Pereyra a la Federaci\u00f3n Juvenil Comunista en los a\u00f1os setenta, cuando era su Secretario General y se crearon centenares de coordinadoras de juventudes pol\u00edticas en todo el pa\u00eds, con la JP y la Fede como principales protagonistas.<\/p>\n<p class=\"basic-paragraph\">El XVI Congreso de 1986 ser\u00eda otro acontecimiento importante en la historia de nuestro Partido: un hecho pol\u00edtico sin precedentes por su car\u00e1cter autocr\u00edtico y el serio intento de reafirmaci\u00f3n y proyecci\u00f3n de la l\u00ednea del frentismo de liberaci\u00f3n.<\/p>\n<p class=\"basic-paragraph\">Al poco andar, sin embargo, la mayor\u00eda circunstancial encabezada por Patricio Echegaray en el Comit\u00e9 Central del Partido, lo condujo a un proceso err\u00e1tico, con vaivenes a diestra y siniestra, entre el trotskismo y la socialdemocracia, con la l\u00ednea confusa de la \u201cunidad de la izquierda\u201d que llev\u00f3 al Partido al l\u00edmite de su liquidaci\u00f3n.<\/p>\n<p class=\"basic-paragraph\">Fue entonces que buena parte del Partido, con Jorge Pereyra al frente, propuso el debate de la l\u00ednea y la defensa del Partido en un Congreso Extraordinario: la discusi\u00f3n era \u201cunidad de la izquierda\u201d o frentismo de liberaci\u00f3n.<\/p>\n<p class=\"basic-paragraph\">La respuesta fue de o\u00eddos sordos y expulsiones a mansalva, por lo que, agotadas las instancias org\u00e1nicas, relanzamos Nuestra Palabra en 1994 y convocamos al Congreso Extraordinario de 1996, donde dimos nacimiento al PCCE. La crisis de 2001 nos encontr\u00f3 afirmados en el enfoque frentista, y la emergencia de N\u00e9stor Kirchner nos tuvo entre los primeros en comprenderla y respaldarla, concientes de que se abr\u00eda una nueva perspectiva hist\u00f3rica para la Patria. Fue as\u00ed que desde un principio adherimos al Frente para la Victoria y al kirchnerismo como manifestaci\u00f3n de un nuevo movimiento hist\u00f3rico nacional llamado a superar falsas antinomias del pasado y abrir caminos nuevos de unidad popular para la liberaci\u00f3n nacional y social.<\/p>\n<p class=\"basic-paragraph\">Hoy, en esta nueva etapa de resistencia al neoliberalismo, nos encuentra a los comunistas en Unidad Ciudadana, reconociendo el liderazgo y conducci\u00f3n de la compa\u00f1era Cristina, construyendo unidad en todos los campos con los compa\u00f1eros peronistas y de otras expresiones del campo popular.<\/p>\n<p class=\"basic-paragraph\">Siempre afirmando nuestra identidad hist\u00f3rica, nuestra ideolog\u00eda marxista-leninista y la l\u00ednea del frentismo de liberaci\u00f3n.<\/p>\n<p class=\"basic-paragraph\">Es por eso que a cien a\u00f1os de nuestra fundaci\u00f3n, hoy y en las luchas por venir, los comunistas del PCCE nos reivindicamos como leg\u00edtimos herederos del 6 de enero de 1918, de las mejores tradiciones del Partido Comunista de la Argentina, de Jorge Pereyra y de Victorio Codovilla.<\/p>\n<\/div>\n","protected":false},"excerpt":{"rendered":"<p>PARTIDO COMUNISTA DE LA ARGENTINA 100 a\u00f1os de lucha Por Rodolfo G. M\u00f3dena El pr\u00f3ximo 6 de enero se cumplir\u00e1n cien a\u00f1os de la fundaci\u00f3n del Partido Comunista de la Argentina. El proceso fundacional estuvo precedido de varios a\u00f1os de intenso debate en las filas del Partido Socialista en torno a la actitud frente a [&hellip;]<\/p>\n","protected":false},"author":1,"featured_media":2547,"comment_status":"closed","ping_status":"closed","sticky":false,"template":"","format":"standard","meta":{"tdm_status":"","tdm_grid_status":"","footnotes":""},"categories":[17,4],"tags":[],"class_list":["post-2558","post","type-post","status-publish","format-standard","has-post-thumbnail","hentry","category-contratapa","category-featured"],"_links":{"self":[{"href":"https:\/\/pcce.com.ar\/pcce\/wp-json\/wp\/v2\/posts\/2558","targetHints":{"allow":["GET"]}}],"collection":[{"href":"https:\/\/pcce.com.ar\/pcce\/wp-json\/wp\/v2\/posts"}],"about":[{"href":"https:\/\/pcce.com.ar\/pcce\/wp-json\/wp\/v2\/types\/post"}],"author":[{"embeddable":true,"href":"https:\/\/pcce.com.ar\/pcce\/wp-json\/wp\/v2\/users\/1"}],"replies":[{"embeddable":true,"href":"https:\/\/pcce.com.ar\/pcce\/wp-json\/wp\/v2\/comments?post=2558"}],"version-history":[{"count":0,"href":"https:\/\/pcce.com.ar\/pcce\/wp-json\/wp\/v2\/posts\/2558\/revisions"}],"wp:featuredmedia":[{"embeddable":true,"href":"https:\/\/pcce.com.ar\/pcce\/wp-json\/wp\/v2\/media\/2547"}],"wp:attachment":[{"href":"https:\/\/pcce.com.ar\/pcce\/wp-json\/wp\/v2\/media?parent=2558"}],"wp:term":[{"taxonomy":"category","embeddable":true,"href":"https:\/\/pcce.com.ar\/pcce\/wp-json\/wp\/v2\/categories?post=2558"},{"taxonomy":"post_tag","embeddable":true,"href":"https:\/\/pcce.com.ar\/pcce\/wp-json\/wp\/v2\/tags?post=2558"}],"curies":[{"name":"wp","href":"https:\/\/api.w.org\/{rel}","templated":true}]}}