{"id":25584,"date":"2024-08-02T15:53:46","date_gmt":"2024-08-02T18:53:46","guid":{"rendered":"https:\/\/pcce.com.ar\/pcce\/?p=25584"},"modified":"2024-08-02T15:53:46","modified_gmt":"2024-08-02T18:53:46","slug":"che-pugliese-noche-cultural-por-la-independencia","status":"publish","type":"post","link":"https:\/\/pcce.com.ar\/pcce\/2024\/08\/02\/che-pugliese-noche-cultural-por-la-independencia\/","title":{"rendered":"CHE PUGLIESE: Noche cultural por la Independencia"},"content":{"rendered":"<h4 class=\"p1\"><span class=\"s1\">CHE PUGLIESE<\/span><\/h4>\n<h1 class=\"p1\"><span class=\"s1\">Noche cultural por la Independencia<\/span><\/h1>\n<p class=\"p1\"><span class=\"s1\">El festejo por el D\u00eda de la Independencia no pas\u00f3 desapercibido en la Capital. Es que luego del 9 de Julio, celebramos en el Che Pugliese con una pe\u00f1a patria con m\u00fasica en vivo, choris y vino junto nuestros invitados.<\/span><\/p>\n<p class=\"p1\"><span class=\"s1\">Pasamos una hermosa noche cobijados por tremendos artistas como Lupe, Juanjo Izaguirre y Entango 2 que brillaron con sus presentaciones de tango, folclore y m\u00fasica popular. Adem\u00e1s asistieron nuestros queridos vecinos, amigos y compa\u00f1eros que se acercaron a disfrutar de esta noche cultural que no tuvo m\u00e1s objetivos que el de seguir cultivando los lazos sociales y comunitarios que nuestra Patria necesita.<\/span><\/p>\n","protected":false},"excerpt":{"rendered":"<p>CHE PUGLIESE Noche cultural por la Independencia El festejo por el D\u00eda de la Independencia no pas\u00f3 desapercibido en la Capital. Es que luego del 9 de Julio, celebramos en el Che Pugliese con una pe\u00f1a patria con m\u00fasica en vivo, choris y vino junto nuestros invitados. Pasamos una hermosa noche cobijados por tremendos artistas [&hellip;]<\/p>\n","protected":false},"author":1,"featured_media":25522,"comment_status":"closed","ping_status":"closed","sticky":false,"template":"","format":"standard","meta":{"tdm_status":"","tdm_grid_status":"","footnotes":""},"categories":[4,9],"tags":[],"class_list":["post-25584","post","type-post","status-publish","format-standard","has-post-thumbnail","hentry","category-featured","category-vidadepartido"],"_links":{"self":[{"href":"https:\/\/pcce.com.ar\/pcce\/wp-json\/wp\/v2\/posts\/25584","targetHints":{"allow":["GET"]}}],"collection":[{"href":"https:\/\/pcce.com.ar\/pcce\/wp-json\/wp\/v2\/posts"}],"about":[{"href":"https:\/\/pcce.com.ar\/pcce\/wp-json\/wp\/v2\/types\/post"}],"author":[{"embeddable":true,"href":"https:\/\/pcce.com.ar\/pcce\/wp-json\/wp\/v2\/users\/1"}],"replies":[{"embeddable":true,"href":"https:\/\/pcce.com.ar\/pcce\/wp-json\/wp\/v2\/comments?post=25584"}],"version-history":[{"count":0,"href":"https:\/\/pcce.com.ar\/pcce\/wp-json\/wp\/v2\/posts\/25584\/revisions"}],"wp:featuredmedia":[{"embeddable":true,"href":"https:\/\/pcce.com.ar\/pcce\/wp-json\/wp\/v2\/media\/25522"}],"wp:attachment":[{"href":"https:\/\/pcce.com.ar\/pcce\/wp-json\/wp\/v2\/media?parent=25584"}],"wp:term":[{"taxonomy":"category","embeddable":true,"href":"https:\/\/pcce.com.ar\/pcce\/wp-json\/wp\/v2\/categories?post=25584"},{"taxonomy":"post_tag","embeddable":true,"href":"https:\/\/pcce.com.ar\/pcce\/wp-json\/wp\/v2\/tags?post=25584"}],"curies":[{"name":"wp","href":"https:\/\/api.w.org\/{rel}","templated":true}]}}