{"id":25618,"date":"2024-08-30T15:06:14","date_gmt":"2024-08-30T18:06:14","guid":{"rendered":"https:\/\/pcce.com.ar\/pcce\/?p=25618"},"modified":"2024-08-30T15:06:14","modified_gmt":"2024-08-30T18:06:14","slug":"juicio-por-atentado-en-el-patria-junto-a-cristina","status":"publish","type":"post","link":"https:\/\/pcce.com.ar\/pcce\/2024\/08\/30\/juicio-por-atentado-en-el-patria-junto-a-cristina\/","title":{"rendered":"JUICIO POR ATENTADO: En el Patria junto a Cristina"},"content":{"rendered":"<h4 class=\"p1\"><span class=\"s1\">JUICIO POR ATENTADO<span class=\"Apple-converted-space\">\u00a0<\/span><\/span><\/h4>\n<h1 class=\"p1\"><span class=\"s1\">En el Patria junto a Cristina<span class=\"Apple-converted-space\">\u00a0<\/span><\/span><\/h1>\n<p class=\"p1\"><span class=\"s1\">El 14 de agosto la compa\u00f1era Cristina Kirchner testific\u00f3 en la causa por el intento de magnicidio que sufri\u00f3 el 1 de septiembre de 2022 en la puerta de su casa en Capital Federal. En sus palabras apunt\u00f3 contra el poder econ\u00f3mico concentrado a escala global y exigi\u00f3 que se investiguen, no s\u00f3lo a los autores materiales sino a los intelectuales del hecho. En el inter\u00edn, la militancia del Partido segui\u00f3 su intervenci\u00f3n desde la puerta del Instituto Patria y la recibimos al retirarse de la sede judicial. Organizaciones pol\u00edticas y sindicales, la saludamos y acompa\u00f1amos y continuamos exigiendo justicia para quien jam\u00e1s traicion\u00f3 los intereses del pueblo trabajador.<\/span><\/p>\n","protected":false},"excerpt":{"rendered":"<p>JUICIO POR ATENTADO\u00a0 En el Patria junto a Cristina\u00a0 El 14 de agosto la compa\u00f1era Cristina Kirchner testific\u00f3 en la causa por el intento de magnicidio que sufri\u00f3 el 1 de septiembre de 2022 en la puerta de su casa en Capital Federal. En sus palabras apunt\u00f3 contra el poder econ\u00f3mico concentrado a escala global [&hellip;]<\/p>\n","protected":false},"author":1,"featured_media":25627,"comment_status":"closed","ping_status":"closed","sticky":false,"template":"","format":"standard","meta":{"tdm_status":"","tdm_grid_status":"","footnotes":""},"categories":[4,9],"tags":[],"class_list":["post-25618","post","type-post","status-publish","format-standard","has-post-thumbnail","hentry","category-featured","category-vidadepartido"],"_links":{"self":[{"href":"https:\/\/pcce.com.ar\/pcce\/wp-json\/wp\/v2\/posts\/25618","targetHints":{"allow":["GET"]}}],"collection":[{"href":"https:\/\/pcce.com.ar\/pcce\/wp-json\/wp\/v2\/posts"}],"about":[{"href":"https:\/\/pcce.com.ar\/pcce\/wp-json\/wp\/v2\/types\/post"}],"author":[{"embeddable":true,"href":"https:\/\/pcce.com.ar\/pcce\/wp-json\/wp\/v2\/users\/1"}],"replies":[{"embeddable":true,"href":"https:\/\/pcce.com.ar\/pcce\/wp-json\/wp\/v2\/comments?post=25618"}],"version-history":[{"count":0,"href":"https:\/\/pcce.com.ar\/pcce\/wp-json\/wp\/v2\/posts\/25618\/revisions"}],"wp:featuredmedia":[{"embeddable":true,"href":"https:\/\/pcce.com.ar\/pcce\/wp-json\/wp\/v2\/media\/25627"}],"wp:attachment":[{"href":"https:\/\/pcce.com.ar\/pcce\/wp-json\/wp\/v2\/media?parent=25618"}],"wp:term":[{"taxonomy":"category","embeddable":true,"href":"https:\/\/pcce.com.ar\/pcce\/wp-json\/wp\/v2\/categories?post=25618"},{"taxonomy":"post_tag","embeddable":true,"href":"https:\/\/pcce.com.ar\/pcce\/wp-json\/wp\/v2\/tags?post=25618"}],"curies":[{"name":"wp","href":"https:\/\/api.w.org\/{rel}","templated":true}]}}