{"id":25715,"date":"2024-11-29T17:57:19","date_gmt":"2024-11-29T20:57:19","guid":{"rendered":"https:\/\/pcce.com.ar\/pcce\/?p=25715"},"modified":"2024-11-29T17:57:19","modified_gmt":"2024-11-29T20:57:19","slug":"fiesta-para-unos-pocos-en-que-pais-vive","status":"publish","type":"post","link":"https:\/\/pcce.com.ar\/pcce\/2024\/11\/29\/fiesta-para-unos-pocos-en-que-pais-vive\/","title":{"rendered":"FIESTA PARA UNOS POCOS: \u00bfEn qu\u00e9 pa\u00eds vive?"},"content":{"rendered":"<h4>FIESTA PARA UNOS POCOS<\/h4>\n<h1>\u00bfEn qu\u00e9 pa\u00eds vive?<\/h1>\n<p class=\"p2\"><span class=\"s1\">Es ostensible el intento del gobierno nacional por instalar medi\u00e1ticamente una percepci\u00f3n social positiva respecto a la gesti\u00f3n de Milei. El caballito es el \u201cdescenso\u201d en el \u00edndice de inflaci\u00f3n. Llamativamente, ese desapego respecto a la realidad no es s\u00f3lo un rasgo de los libertarios, sino que impacta tambi\u00e9n en compa\u00f1eras y compa\u00f1eros del campo popular abrumados por la acci\u00f3n de medios masivos y redes sociales. Es importante no perder perspectiva de los acontecimientos generales que se desarrollan en el planeta y d\u00f3nde se ubica nuestro pa\u00eds en ese contexto.<\/span><\/p>\n<p class=\"p2\"><span class=\"s1\">En el reciente encuentro anual del Club de Valdai, Vladimir Putin afirm\u00f3: \u201cEl antiguo orden mundial est\u00e1 muriendo irremediablemente, en realidad ya ha fallecido, y se est\u00e1 desarrollando una lucha seria e irreconciliable por el desarrollo de un nuevo orden mundial. Es un choque de los mismos principios que fundamentar\u00e1n las relaciones entre los pa\u00edses y los pueblos en la pr\u00f3xima etapa hist\u00f3rica. Su resultado determinar\u00e1 si seremos capaces, mediante esfuerzos conjuntos, de construir un mundo que permita a todas las naciones desarrollarse y resolver las contradicciones emergentes sobre la base del respeto mutuo de las culturas y las civilizaciones, sin coerci\u00f3n ni uso de la fuerza. Y, por \u00faltimo, si la sociedad humana ser\u00e1 capaz de conservar sus principios \u00e9ticos human\u00edsticos y si un individuo ser\u00e1 capaz de seguir siendo humano.\u201d La hegemon\u00eda yanqui est\u00e1 en declive, y Rusia lo demostr\u00f3 recientemente con acciones concretas. Biden pretende en su retirada arrastrar a Trump a un conflicto global (de consecuencias imprevisibles) y autoriz\u00f3 a Ucrania a utilizar sus misiles de mediano alcance. La Federaci\u00f3n Rusa lo consider\u00f3 un ataque nuclear (por estar respaldado por potencias nucleares), modific\u00f3 su doctrina militar y lanz\u00f3 un misil hipers\u00f3nico (indetectable) con capacidad de albergar ojivas nucleares. Se acabaron los arrebatos del imperialismo. Van a tener que pensarlo antes, a no ser que quieran que esta sea \u201cla \u00faltima aventura del conocido Homo sapiens\u201d, como advirti\u00f3 alguna vez el compa\u00f1ero Fidel.<\/span><\/p>\n<p class=\"p2\"><span class=\"s1\">En la Cumbre del G20 realizada en Brasil, China socialista descoll\u00f3 nuevamente por su potencia arrolladora. Luego de celebrar con pitos y cotill\u00f3n el triunfo de Trump, Milei fue con el rabo entre las patas a sacarse la foto con Xi Jinping, el principal enemigo estrat\u00e9gico del magnate norteamericano. China plante\u00f3 que el acuerdo es por todo (swap, represas, inversiones, etc.) o por nada. Habr\u00e1 que ver c\u00f3mo se hamaca el presidente con peluca, que rinde pleites\u00eda a los Estados Unidos, pero de golpe se olvid\u00f3 de sus diatribas contra los comunistas. China acaba de inaugurar en el Per\u00fa el mega-puerto de Chancay, una enorme obra estructural que consolida la hegemon\u00eda comercial de la potencia socialista sobre el Pac\u00edfico. Trump nombr\u00f3 al furibundo Marco Rubio como su secretario de Estado, procurando recuperar posiciones en un continente donde se les escapa la tortuga. Volvemos al principio. \u00bfDe qui\u00e9n es la iniciativa pol\u00edtica en la actual etapa hist\u00f3rica?<\/span><\/p>\n<p class=\"p2\"><span class=\"s1\">Sumado a esto, debemos celebrar el triunfo del Frente Amplio en el Uruguay y un nuevo golpe al neoliberalismo en nuestra regi\u00f3n. Tambi\u00e9n se realizaron elecciones regionales en Chile, con resultados positivos. Lo expres\u00e1bamos en el anterior n\u00famero de <em>Nuestra Palabra,<\/em> al representar el mapa latinoamericano, hoy gobernado mayoritariamente por fuerzas progresistas, de izquierda y revolucionarias. El aislado es Milei y su pol\u00edtica de hambre, saqueo y endeudamiento.<\/span><\/p>\n<p class=\"p2\"><span class=\"s1\">\u00bfEn qu\u00e9 pa\u00eds vive? El presidente lo sabe bien, es el que lograron imponer en tan solo 11 meses. Mientras unos pocos grupos concentrados disfrutan del veranito financiero que les garantiza cuantiosas ganancias, los laburantes, los jubilados, los que alquilan, los que laburan en negro y los que viven de un salario la est\u00e1n pasando mal. Tambi\u00e9n muchas empresas y pymes, golpeadas por una profunda recesi\u00f3n. El consumo de carne es el m\u00e1s bajo en 28 a\u00f1os, los estatales perdieron m\u00e1s del 30 por ciento de su poder adquisitivo respecto a la inflaci\u00f3n, los medicamentos constituyen hoy un bien suntuario, en fin, la coyuntura es insostenible. Lo que no podemos aventurar es cu\u00e1ndo va a saltar todo por los aires. Eso va a depender claramente de la capacidad de lucha y resistencia del movimiento de masas.<\/span><\/p>\n<p class=\"p2\"><span class=\"s1\">La situaci\u00f3n se va a complicar m\u00e1s a\u00fan con el nuevo gobierno en los Estados Unidos. El proteccionismo de Trump contradice a Milei de plano. Su pol\u00edtica de tasas altas para absorber d\u00f3lares y orientarlos al interior de la econom\u00eda norteamericana es una amenaza al gobierno. Esperan que Trump interceda ante el FMI para nuevos desembolsos, pero el Fondo exige una devaluaci\u00f3n. La econom\u00eda real hace agua por todos lados, por eso apelan a diversos movimientos pol\u00edticos para llegar medianamente parados a las legislativas del 2025. Los ataques a Villarruel, quien mide tanto o m\u00e1s que Milei dentro del universo libertario, as\u00ed como el intento para eliminar las PASO (que en la actual coyuntura permite ordenar las diferentes opciones opositoras) responden a la inminencia del inicio del a\u00f1o electoral.<\/span><\/p>\n<p class=\"p2\"><span class=\"s1\">Sin dudas, la proscripci\u00f3n de Cristina es el objetivo principal. Saldada la discusi\u00f3n en torno a la presidencia del PJ, la compa\u00f1era empez\u00f3 a caminar el pa\u00eds con un mensaje dirigido al conjunto de nuestro pueblo, y no tanto al seno del peronismo. Su rol en esta etapa es claramente insustituible. La crisis de la CGT (por la actitud c\u00f3mplice y genuflexa de su conducci\u00f3n) puede comenzar a estructurar un bloque entre los sectores m\u00e1s combativos del sindicalismo que permita un proceso de luchas a la altura del enemigo que confrontamos: el fascismo neoliberal que pone en riesgo la existencia de nuestra Naci\u00f3n. Finalmente, es fundamental bancar y defender al gobernador Axel Kicillof, cuyas pol\u00edticas contrastan frontalmente con las que impone el gobierno nacional. Entre ellas, adeudarle al gobierno de la Provincia de Buenos Aires 7,8 billones de pesos, lo que impacta negativamente en las condiciones de vida del mayor distrito del pa\u00eds. La \u00fanica posibilidad de LLA de alcanzar una victoria en las pr\u00f3ximas elecciones es fracturando la alternativa que represente los intereses de nuestro pueblo. La unidad de los que luchan y se proponen derrotar al neoliberalismo es el principio fundamental que debemos defender.<\/span><\/p>\n","protected":false},"excerpt":{"rendered":"<p>FIESTA PARA UNOS POCOS \u00bfEn qu\u00e9 pa\u00eds vive? Es ostensible el intento del gobierno nacional por instalar medi\u00e1ticamente una percepci\u00f3n social positiva respecto a la gesti\u00f3n de Milei. El caballito es el \u201cdescenso\u201d en el \u00edndice de inflaci\u00f3n. Llamativamente, ese desapego respecto a la realidad no es s\u00f3lo un rasgo de los libertarios, sino que [&hellip;]<\/p>\n","protected":false},"author":1,"featured_media":25726,"comment_status":"closed","ping_status":"closed","sticky":false,"template":"","format":"standard","meta":{"tdm_status":"","tdm_grid_status":"","footnotes":""},"categories":[21,4],"tags":[],"class_list":["post-25715","post","type-post","status-publish","format-standard","has-post-thumbnail","hentry","category-editorial","category-featured"],"_links":{"self":[{"href":"https:\/\/pcce.com.ar\/pcce\/wp-json\/wp\/v2\/posts\/25715","targetHints":{"allow":["GET"]}}],"collection":[{"href":"https:\/\/pcce.com.ar\/pcce\/wp-json\/wp\/v2\/posts"}],"about":[{"href":"https:\/\/pcce.com.ar\/pcce\/wp-json\/wp\/v2\/types\/post"}],"author":[{"embeddable":true,"href":"https:\/\/pcce.com.ar\/pcce\/wp-json\/wp\/v2\/users\/1"}],"replies":[{"embeddable":true,"href":"https:\/\/pcce.com.ar\/pcce\/wp-json\/wp\/v2\/comments?post=25715"}],"version-history":[{"count":0,"href":"https:\/\/pcce.com.ar\/pcce\/wp-json\/wp\/v2\/posts\/25715\/revisions"}],"wp:featuredmedia":[{"embeddable":true,"href":"https:\/\/pcce.com.ar\/pcce\/wp-json\/wp\/v2\/media\/25726"}],"wp:attachment":[{"href":"https:\/\/pcce.com.ar\/pcce\/wp-json\/wp\/v2\/media?parent=25715"}],"wp:term":[{"taxonomy":"category","embeddable":true,"href":"https:\/\/pcce.com.ar\/pcce\/wp-json\/wp\/v2\/categories?post=25715"},{"taxonomy":"post_tag","embeddable":true,"href":"https:\/\/pcce.com.ar\/pcce\/wp-json\/wp\/v2\/tags?post=25715"}],"curies":[{"name":"wp","href":"https:\/\/api.w.org\/{rel}","templated":true}]}}