{"id":25758,"date":"2025-01-10T18:13:56","date_gmt":"2025-01-10T21:13:56","guid":{"rendered":"https:\/\/pcce.com.ar\/pcce\/?p=25758"},"modified":"2025-01-10T18:13:56","modified_gmt":"2025-01-10T21:13:56","slug":"che-pugliese-cinco-anos-construyendo-comunidad","status":"publish","type":"post","link":"https:\/\/pcce.com.ar\/pcce\/2025\/01\/10\/che-pugliese-cinco-anos-construyendo-comunidad\/","title":{"rendered":"CHE PUGLIESE: Cinco a\u00f1os construyendo comunidad"},"content":{"rendered":"<h4 class=\"p1\"><span class=\"s1\">CHE PUGLIESE<\/span><\/h4>\n<h1 class=\"p2\"><span class=\"s1\">Cinco a\u00f1os construyendo comunidad<\/span><\/h1>\n<p class=\"p1\"><span class=\"s1\">E<\/span><span class=\"s1\">l s\u00e1bado 14 de diciembre el Centro Cultural Che Pugliese celebr\u00f3 su quinto aniversario rodeado de una importante cantidad de vecinos, artistas, amigos y compa\u00f1eros. El evento estuvo enmarcado bajo la consigna \u00abEn familia y con amigos, cerramos otro a\u00f1o construyendo comunidad\u00bb. Quienes asistieron pudieron encontrarse, charlar, disfrutar de una multiplicidad de n\u00fameros art\u00edsticos y muestras de talleres, comer algo rico y conocer el espacio, dedicado a la actividad pol\u00edtico cultural y barrial.<\/span><\/p>\n<p class=\"p2\"><span class=\"s1\">Durante la jornada son\u00f3 la m\u00fasica de Juanjo Izaguirre, Pobre D\u2019Ellos, Miguel Palma &amp; Navegantes y Casanova Palacio D\u00fao, quienes deleitaron con un amplio repertorio de m\u00fasica popular local. A los n\u00fameros art\u00edsticos se les sumaron las muestras de los talleres de tango, folclore, guitarra y dibujo organizados por Gustavo Arcuri, Natalia Pierangeli, Miguel Palma y Claudia Kornicki respectivamente, adem\u00e1s de las participaciones de Natalia, Andy, Guadalupe, Marlene, Claudio y Saurio que ocuparon otros importantes roles durante festejo. Estas muestras reflejaron la labor realizada por los talleristas y sus alumnos semana a semana durante todo el a\u00f1o. A todo este espect\u00e1culo tambi\u00e9n se sumaron la parrilla y barra con opciones para comer y tomar a cargo de otros camaradas del distrito, la feria de artesanos y el espacio para ni\u00f1os.<\/span><\/p>\n<p class=\"p2\"><span class=\"s1\">La pe\u00f1a no hubiera sido la misma sin el trabajo de los artistas y talleristas del Che Pugliese. Ellos mismos se pusieron a disposici\u00f3n para dar una mano con las distintas tareas para la organizaci\u00f3n y la puesta en escena del evento. As\u00ed, se cerr\u00f3 el a\u00f1o fortaleciendo el trabajo en conjunto y el esp\u00edritu de comunidad de aquellos que habitan el espacio.<\/span><\/p>\n","protected":false},"excerpt":{"rendered":"<p>CHE PUGLIESE Cinco a\u00f1os construyendo comunidad El s\u00e1bado 14 de diciembre el Centro Cultural Che Pugliese celebr\u00f3 su quinto aniversario rodeado de una importante cantidad de vecinos, artistas, amigos y compa\u00f1eros. El evento estuvo enmarcado bajo la consigna \u00abEn familia y con amigos, cerramos otro a\u00f1o construyendo comunidad\u00bb. Quienes asistieron pudieron encontrarse, charlar, disfrutar de [&hellip;]<\/p>\n","protected":false},"author":1,"featured_media":25771,"comment_status":"closed","ping_status":"closed","sticky":false,"template":"","format":"standard","meta":{"tdm_status":"","tdm_grid_status":"","footnotes":""},"categories":[4,9],"tags":[],"class_list":["post-25758","post","type-post","status-publish","format-standard","has-post-thumbnail","hentry","category-featured","category-vidadepartido"],"_links":{"self":[{"href":"https:\/\/pcce.com.ar\/pcce\/wp-json\/wp\/v2\/posts\/25758","targetHints":{"allow":["GET"]}}],"collection":[{"href":"https:\/\/pcce.com.ar\/pcce\/wp-json\/wp\/v2\/posts"}],"about":[{"href":"https:\/\/pcce.com.ar\/pcce\/wp-json\/wp\/v2\/types\/post"}],"author":[{"embeddable":true,"href":"https:\/\/pcce.com.ar\/pcce\/wp-json\/wp\/v2\/users\/1"}],"replies":[{"embeddable":true,"href":"https:\/\/pcce.com.ar\/pcce\/wp-json\/wp\/v2\/comments?post=25758"}],"version-history":[{"count":0,"href":"https:\/\/pcce.com.ar\/pcce\/wp-json\/wp\/v2\/posts\/25758\/revisions"}],"wp:featuredmedia":[{"embeddable":true,"href":"https:\/\/pcce.com.ar\/pcce\/wp-json\/wp\/v2\/media\/25771"}],"wp:attachment":[{"href":"https:\/\/pcce.com.ar\/pcce\/wp-json\/wp\/v2\/media?parent=25758"}],"wp:term":[{"taxonomy":"category","embeddable":true,"href":"https:\/\/pcce.com.ar\/pcce\/wp-json\/wp\/v2\/categories?post=25758"},{"taxonomy":"post_tag","embeddable":true,"href":"https:\/\/pcce.com.ar\/pcce\/wp-json\/wp\/v2\/tags?post=25758"}],"curies":[{"name":"wp","href":"https:\/\/api.w.org\/{rel}","templated":true}]}}