{"id":25761,"date":"2025-01-10T18:18:36","date_gmt":"2025-01-10T21:18:36","guid":{"rendered":"https:\/\/pcce.com.ar\/pcce\/?p=25761"},"modified":"2025-01-10T18:18:36","modified_gmt":"2025-01-10T21:18:36","slug":"capitalismo-versus-globalizacion-de-la-solidaridad-construir-la-salida-politica","status":"publish","type":"post","link":"https:\/\/pcce.com.ar\/pcce\/2025\/01\/10\/capitalismo-versus-globalizacion-de-la-solidaridad-construir-la-salida-politica\/","title":{"rendered":"CAPITALISMO VERSUS GLOBALIZACI\u00d3N DE LA SOLIDARIDAD: Construir la salida pol\u00edtica"},"content":{"rendered":"<h4 class=\"p1\"><span class=\"s1\">CAPITALISMO VERSUS GLOBALIZACI\u00d3N DE LA SOLIDARIDAD<span class=\"Apple-converted-space\">\u00a0<\/span><\/span><\/h4>\n<h1 class=\"p2\"><span class=\"s1\">Construir la salida pol\u00edtica<\/span><\/h1>\n<p class=\"p1\"><span class=\"s1\">E<\/span><span class=\"s1\">s poco probable que durante el a\u00f1o que comienza, las modificaciones en la situaci\u00f3n pol\u00edtica conlleven alguna mejor\u00eda para los sectores que viven del mercado interno, cuyo poder de consumo se ve severamente afectado por la revancha pro patronal del gobierno y la casi nula inversi\u00f3n.<\/span><\/p>\n<p class=\"p2\"><span class=\"s1\">En los sectores vinculados al mercado mundial, los m\u00e1s mano de obra intensivos ver\u00e1n mermar sus posibilidades porque la apreciaci\u00f3n del peso vuelve antiecon\u00f3mica la contrataci\u00f3n de mano de obra local en proyectos de TICs del Norte global (Tecnolog\u00edas de la Informaci\u00f3n y Comunicaci\u00f3n), situaci\u00f3n que se mantendr\u00e1 hasta que una nueva devaluaci\u00f3n -exigida ya por el FMI, pero resistida por los beneficiarios del carry trade- vuelva a abaratar esos salarios locales. Estos sectores se componen de consultoras que viven de quedarse con parte de la plusval\u00eda que producen trabajadores mal pagos en relaci\u00f3n a los trabajadores de pa\u00edses donde se realiza el producto de su trabajo. Para ilustrar esto, aparece en X (ex Twitter) un anuncio que reza: \u201c\u00bfSab\u00edas que una empresa de EE.UU. podr\u00eda pagarte 3 veces m\u00e1s de lo que ganas en tu pa\u00eds y a\u00fan as\u00ed ahorrar hasta un 50% de costos?\u201d (Traducci\u00f3n: te usamos pag\u00e1ndote un salario que es alto en tu pa\u00eds para disciplinar los reclamos salariales en el nuestro). Parte de esos asalariados \u201cdolarizados\u201d componen la base electoral de Milei.<\/span><\/p>\n<p class=\"p2\"><span class=\"s1\">En el plano pol\u00edtico, el objetivo estrat\u00e9gico del imperialismo es la destrucci\u00f3n lisa y llana de cualquier base econ\u00f3mica, social y pol\u00edtica que impulse una pol\u00edtica que refleje, aun tibiamente, los intereses nacionales y populares. No es otra cosa que su esperanza de terminar con el peronismo, hoy devenido kirchnerismo. En esa direcci\u00f3n, las medidas antisindicales son prioritarias: la reciente decisi\u00f3n de tolerar el no pago de cuotas sindicales por \u201cobjeci\u00f3n de conciencia\u201d es vistosa, pero m\u00e1s significativa es la correlaci\u00f3n entre la ca\u00edda del trabajo registrado y el aumento similar de monotributistas, con lo que se debilita la afiliaci\u00f3n sindical a favor del trabajo no registrado, abonando la nefasta figura del monotributista con colaboradores, vuelta de tuerca de la \u201ctercerizaci\u00f3n\u201d que blanquea la contrataci\u00f3n irregular y de paso sustrae a las cuentas nacionales parte de la econom\u00eda, aumentando la producci\u00f3n \u201cen negro\u201d y pas\u00e1ndola al lado \u201cinformal\u201d.<\/span><\/p>\n<p class=\"p2\"><span class=\"s1\">En el campo nacional y popular, entre tanto, empiezan a percibirse intentos (por ahora incipientes) de definir mejor el qu\u00e9 y el para qu\u00e9 de un futuro gobierno que ponga el rumbo hacia la recuperaci\u00f3n de un proyecto nacional y popular apto para este siglo de globalizaci\u00f3n. Estos intentos van desde el nacionalismo chauvinista de derecha, que intenta rescatar proyectos anteriores a 1946 y aboga por toda una serie de medidas que rehagan, modernizadas, las realizaciones del primer peronismo, hasta diversas propuestas de reforma constitucional que supuestamente garanticen cambios a favor de los intereses de las mayor\u00edas nacionales y populares (que no necesariamente son los mismos de aquellos).<\/span><\/p>\n<p class=\"p2\"><span class=\"s1\">Pr\u00e1cticamente todos aspiran a resolver el problema con variantes m\u00e1s o menos similares de lo intentado hasta ahora: para ellos el campo nacional y popular es un \u201ccapitalismo con rostro humano\u201d. Pero lamentablemente, el momento hist\u00f3rico de ese proyecto parece haber pasado.<\/span><\/p>\n<p class=\"p2\"><span class=\"s1\">La burgues\u00eda nacional ya no existe como tal: la burgues\u00eda concentrada se llena de plata con estos proyectos y con todos y est\u00e1 asociada al capital financiero globalizado, que detenta la mayor\u00eda con poder de decisi\u00f3n de sus conglomerados o los coopta por presi\u00f3n econ\u00f3mica y\/o extraecon\u00f3mica (verbigracia, el videoclub de Mauricio, las carpetas de la AFI o las denuncias de \u201ccorrupci\u00f3n\u201d). Arrastran tras de s\u00ed buena parte del electorado antiperonista, con ra\u00edces econ\u00f3micas en \u201cel campo\u201d (donde Grobocopatel hace su consabido pagadi\u00f3s) y en el sector de bienes y servicios vinculado al mercado mundial.<\/span><\/p>\n<p class=\"p2\"><span class=\"s1\">De a poco aparecen m\u00e1s claro los principales beneficiarios de las medidas de demolici\u00f3n de la Rep\u00fablica Argentina como entidad independiente y soberana: en jingles de Gelatina, en definiciones recuperadas de CFK sobre los cuatro vivos que se llevaban todo, en dirigentes kirchneristas mencionando con nombre y apellido a varios de los popes de la A.E.A. y en otros sectores que los van identificando abiertamente. Pr\u00e1cticamente todos ellos constitu\u00edan la burgues\u00eda nacional que fue el verdadero n\u00facleo del proyecto peronista. (Los trabajadores eran su columna vertebral, pero no su cerebro).<\/span><\/p>\n<p class=\"p2\"><span class=\"s1\">As\u00ed las cosas y considerando que en 2008 y con un gobierno nacional y popular que controlaba una parte de los resortes estatales, una t\u00edmida medida como la modificaci\u00f3n de retenciones provoc\u00f3 una sedicente movilizaci\u00f3n, incluyendo todo tipo de tropel\u00edas que preanunciaban la brutalidad de la derecha que hoy vocea abiertamente el topo mayor del Estado, hay que preguntarse qu\u00e9 medidas a favor del campo nacional y popular pueden aplicarse \u201cdesde arriba\u201d sin una extendida y aceitada organizaci\u00f3n por abajo.<span class=\"Apple-converted-space\">\u00a0<\/span><\/span><\/p>\n<p class=\"p2\"><span class=\"s1\">\u00bfQui\u00e9n le pone el cascabel al gato?: los trabajadores organizados, a la cabeza de todo el pueblo. La soluci\u00f3n est\u00e1 en cada casa, escuela, f\u00e1brica, empresa, comercio, barrio donde los laburantes viven.<\/span><\/p>\n<p class=\"p2\"><span class=\"s1\">A medida que los problemas se agudicen -lo que, dada la circunstancia, es inevitable-, los trabajadores se reorganizar\u00e1n y se pondr\u00e1n al frente de las luchas, desde abajo, en cada lugar. No existen muchas alternativas.<\/span><\/p>\n<p class=\"p2\"><span class=\"s1\">Ah\u00ed estaremos los comunistas, aportando toda nuestra capacidad para ayudar a colectivizar las mejores experiencias, para discutir y aprender nuevas formas de lucha y organizaci\u00f3n y para explicar incansablemente que, a esta altura del siglo 21, el problema no es tal o cual variante del capitalismo, sino su misma existencia, que lo hace enemigo de los pueblos, enemigo de la paz y enemigo de la propia naturaleza, como lo demuestra el desastre ecol\u00f3gico que propaga por doquier.<\/span><\/p>\n<p class=\"p2\"><span class=\"s1\">Que como dec\u00eda un cartel que circul\u00f3 esta semana por las redes, necesitamos \u201ctrabajar menos, trabajar todos, producir lo necesario y redistribuir (casi) todo\u201d. Para eso, como cantaba la Negra a Zitarrosa, \u201chay que dar vuelta el viento como la taba, el que no cambia todo, no cambia nada\u201d.<\/span><\/p>\n","protected":false},"excerpt":{"rendered":"<p>CAPITALISMO VERSUS GLOBALIZACI\u00d3N DE LA SOLIDARIDAD\u00a0 Construir la salida pol\u00edtica Es poco probable que durante el a\u00f1o que comienza, las modificaciones en la situaci\u00f3n pol\u00edtica conlleven alguna mejor\u00eda para los sectores que viven del mercado interno, cuyo poder de consumo se ve severamente afectado por la revancha pro patronal del gobierno y la casi nula [&hellip;]<\/p>\n","protected":false},"author":1,"featured_media":25777,"comment_status":"closed","ping_status":"closed","sticky":false,"template":"","format":"standard","meta":{"tdm_status":"","tdm_grid_status":"","footnotes":""},"categories":[17,4],"tags":[],"class_list":["post-25761","post","type-post","status-publish","format-standard","has-post-thumbnail","hentry","category-contratapa","category-featured"],"_links":{"self":[{"href":"https:\/\/pcce.com.ar\/pcce\/wp-json\/wp\/v2\/posts\/25761","targetHints":{"allow":["GET"]}}],"collection":[{"href":"https:\/\/pcce.com.ar\/pcce\/wp-json\/wp\/v2\/posts"}],"about":[{"href":"https:\/\/pcce.com.ar\/pcce\/wp-json\/wp\/v2\/types\/post"}],"author":[{"embeddable":true,"href":"https:\/\/pcce.com.ar\/pcce\/wp-json\/wp\/v2\/users\/1"}],"replies":[{"embeddable":true,"href":"https:\/\/pcce.com.ar\/pcce\/wp-json\/wp\/v2\/comments?post=25761"}],"version-history":[{"count":0,"href":"https:\/\/pcce.com.ar\/pcce\/wp-json\/wp\/v2\/posts\/25761\/revisions"}],"wp:featuredmedia":[{"embeddable":true,"href":"https:\/\/pcce.com.ar\/pcce\/wp-json\/wp\/v2\/media\/25777"}],"wp:attachment":[{"href":"https:\/\/pcce.com.ar\/pcce\/wp-json\/wp\/v2\/media?parent=25761"}],"wp:term":[{"taxonomy":"category","embeddable":true,"href":"https:\/\/pcce.com.ar\/pcce\/wp-json\/wp\/v2\/categories?post=25761"},{"taxonomy":"post_tag","embeddable":true,"href":"https:\/\/pcce.com.ar\/pcce\/wp-json\/wp\/v2\/tags?post=25761"}],"curies":[{"name":"wp","href":"https:\/\/api.w.org\/{rel}","templated":true}]}}