{"id":25787,"date":"2025-03-06T17:10:44","date_gmt":"2025-03-06T20:10:44","guid":{"rendered":"https:\/\/pcce.com.ar\/pcce\/?p=25787"},"modified":"2025-03-06T17:10:44","modified_gmt":"2025-03-06T20:10:44","slug":"crisis-politica-economica-y-social-la-estafa-es-milei","status":"publish","type":"post","link":"https:\/\/pcce.com.ar\/pcce\/2025\/03\/06\/crisis-politica-economica-y-social-la-estafa-es-milei\/","title":{"rendered":"CRISIS POL\u00cdTICA, ECON\u00d3MICA Y SOCIAL:  La estafa es Milei"},"content":{"rendered":"<h4 class=\"p1\"><span class=\"s1\">CRISIS POL\u00cdTICA, ECON\u00d3MICA Y SOCIAL<\/span><\/h4>\n<h1 class=\"p1\"><span class=\"s1\">La estafa es Milei<\/span><\/h1>\n<p class=\"p1\"><span class=\"s1\">Es Milei porque constituye hoy el mayor s\u00edmbolo del neoliberalismo en la Argentina, en su versi\u00f3n m\u00e1s agresiva, tendiente al terrorismo y pro imperialista, por tanto fascista. Este proyecto desnacionalizador comienza a crujir no por el esc\u00e1ndalo de Libra y las cripto, sino que esta mejicaneada del presidente acab\u00f3 destrabando y exteriorizando parte del descontento social que se viene acumulando desde hace m\u00e1s de un a\u00f1o. Tambi\u00e9n en su n\u00facleo de apoyo m\u00e1s s\u00f3lido, donde de golpe se anotician que Milei no es tan solvente en temas econ\u00f3micos como cre\u00edan que era. In\u00fatil o chorro, in\u00fatil y chorro, el tiempo dir\u00e1. Probablemente la justicia federal de nuestro pa\u00eds (hegemonizada por una mafia pro yanqui) termine haciendo fulbito con la causa de las memecoin, pero en los Estados Unidos (donde radican la mayor\u00eda de los que timbearon) estos movimientos se penalizan con c\u00e1rcel. Lo cierto es que al gobierno lo golpearon en uno de sus principales flancos, y ahora se le mueve toda la estanter\u00eda.<\/span><\/p>\n<p class=\"p1\"><span class=\"s1\">Previo al estallido de las cripto, Milei ya ven\u00eda carreteando en torno al tal\u00f3n de Aquiles de su pol\u00edtica econ\u00f3mica: los enormes vencimientos de deuda para 2025, la falta de d\u00f3lares para afrontarlos y un tipo de cambio atrasado que le permite (junto al derrumbe del poder adquisitivo de los salarios) mantener una inflaci\u00f3n \u201ca la baja\u201d, medida con canastas de consumo que datan de 2004. Vienen anunciando un salvataje con el Fondo que no se concreta (porque el FMI exige una devaluaci\u00f3n y unificaci\u00f3n del tipo de cambio) mientras siguen quemando reservas semana tras semana: el Banco Central perdi\u00f3 600 millones de d\u00f3lares durante los dos primeros meses de 2025, por eso ahora empiezan a echar mano a los activos del Fondo de Garant\u00eda de la Anses, previo cambio de mando en el organismo previsional. Los principales beneficiados por este modelo hambreador (los capitales extranjeros, la AEA y el complejo agroexportador) perciben que se lleg\u00f3 a un tope en sus rentabilidades si no se toca el tipo de cambio, y por eso empiezan a apretar. Milei no les est\u00e1 garantizando sus negocios, seg\u00fan la l\u00f3gica expoliadora de los grandes capitales. Antes o despu\u00e9s de las elecciones, el gobierno va a tener que devaluar. Es la cr\u00f3nica de una crisis anunciada.<\/span><\/p>\n<p class=\"p1\"><span class=\"s1\">Los que pierden para que aquellos ganen son los laburantes, los jubilados, los asalariados en general. La profunda ca\u00edda de la actividad econ\u00f3mica (construcci\u00f3n, industria manufacturera, comercio y hoteler\u00eda y gastronom\u00eda reportan retrocesos hist\u00f3ricos), acompa\u00f1ada por una avalancha importadora, sigue explicando el cierre de f\u00e1bricas y la suspensi\u00f3n de jornadas laborales. S\u00f3lo este a\u00f1o, hubo varios casos resonantes que derivaron en luchas parciales a pesar del penoso accionar de la conducci\u00f3n patronal de la CGT. Las luchas se van a dar igual, m\u00e1s grandes o m\u00e1s chicas, porque el deterioro econ\u00f3mico y social se agudiza d\u00eda tras d\u00eda. En el contexto de la sobredosis de informaci\u00f3n que caracteriza el momento actual, hay registros que no llegan a mensurarse ante cada nueva noticia. El consumo de leche, carne y yerba mate de los argentinos durante todo el 2024 arroj\u00f3 indicadores sin precedentes. El consumo de leche per c\u00e1pita fue el m\u00e1s bajo de los \u00faltimos 34 a\u00f1os: hay que remontarse a 1990 para encontrar un a\u00f1o con consumo similar. Respecto de la carne vacuna por habitante, los n\u00fameros del 2024 indicaron que fue el segundo m\u00e1s bajo desde que existe registro (1914). Las ventas de yerba mate en el mercado interno cayeron 9,2% y fue el m\u00e1s bajo desde 2016. Es lo que permite enga\u00f1ar el est\u00f3mago, como se sabe. Ni para yerba.<\/span><\/p>\n<p class=\"p1\"><span class=\"s1\">En la edici\u00f3n de enero pasado de Nuestra Palabra planteamos que este 2025 deb\u00eda ser de resistencia, organizaci\u00f3n y construcci\u00f3n de una alternativa que exprese los intereses de la clase obrera y el pueblo en general. Condiciones objetivas sobran. El desaf\u00edo est\u00e1 en c\u00f3mo promover las luchas que frenen a un gobierno dispuesto a \u201cromper la calesita\u201d, como dijo Milei. Ya la choc\u00f3. Est\u00e1n nerviosos, incluso sacados, por eso act\u00faan con temeridad. Enarbolan el respaldo (s\u00f3lo de palabra por el momento) de Trump, pero en un contexto continental que se afirma claramente hacia izquierda, y en un mundo donde el avance de China Socialista es incontenible, definiendo los tiempos de la confrontaci\u00f3n con un imperialismo a la defensiva. \u00bfC\u00f3mo se traduce este an\u00e1lisis general en la pr\u00e1ctica pol\u00edtica concreta de los comunistas? Esp\u00edritu de ofensiva, pol\u00edtica de concentraci\u00f3n e inserci\u00f3n en el movimiento de masas. S\u00f3lo as\u00ed vamos a crecer y a construir un Partido Comunista a la altura de las necesidades de nuestra Patria.<\/span><\/p>\n","protected":false},"excerpt":{"rendered":"<p>CRISIS POL\u00cdTICA, ECON\u00d3MICA Y SOCIAL La estafa es Milei Es Milei porque constituye hoy el mayor s\u00edmbolo del neoliberalismo en la Argentina, en su versi\u00f3n m\u00e1s agresiva, tendiente al terrorismo y pro imperialista, por tanto fascista. Este proyecto desnacionalizador comienza a crujir no por el esc\u00e1ndalo de Libra y las cripto, sino que esta mejicaneada [&hellip;]<\/p>\n","protected":false},"author":1,"featured_media":25794,"comment_status":"closed","ping_status":"closed","sticky":false,"template":"","format":"standard","meta":{"tdm_status":"","tdm_grid_status":"","footnotes":""},"categories":[21,4],"tags":[],"class_list":["post-25787","post","type-post","status-publish","format-standard","has-post-thumbnail","hentry","category-editorial","category-featured"],"_links":{"self":[{"href":"https:\/\/pcce.com.ar\/pcce\/wp-json\/wp\/v2\/posts\/25787","targetHints":{"allow":["GET"]}}],"collection":[{"href":"https:\/\/pcce.com.ar\/pcce\/wp-json\/wp\/v2\/posts"}],"about":[{"href":"https:\/\/pcce.com.ar\/pcce\/wp-json\/wp\/v2\/types\/post"}],"author":[{"embeddable":true,"href":"https:\/\/pcce.com.ar\/pcce\/wp-json\/wp\/v2\/users\/1"}],"replies":[{"embeddable":true,"href":"https:\/\/pcce.com.ar\/pcce\/wp-json\/wp\/v2\/comments?post=25787"}],"version-history":[{"count":0,"href":"https:\/\/pcce.com.ar\/pcce\/wp-json\/wp\/v2\/posts\/25787\/revisions"}],"wp:featuredmedia":[{"embeddable":true,"href":"https:\/\/pcce.com.ar\/pcce\/wp-json\/wp\/v2\/media\/25794"}],"wp:attachment":[{"href":"https:\/\/pcce.com.ar\/pcce\/wp-json\/wp\/v2\/media?parent=25787"}],"wp:term":[{"taxonomy":"category","embeddable":true,"href":"https:\/\/pcce.com.ar\/pcce\/wp-json\/wp\/v2\/categories?post=25787"},{"taxonomy":"post_tag","embeddable":true,"href":"https:\/\/pcce.com.ar\/pcce\/wp-json\/wp\/v2\/tags?post=25787"}],"curies":[{"name":"wp","href":"https:\/\/api.w.org\/{rel}","templated":true}]}}