{"id":25788,"date":"2025-03-06T17:10:25","date_gmt":"2025-03-06T20:10:25","guid":{"rendered":"https:\/\/pcce.com.ar\/pcce\/?p=25788"},"modified":"2025-03-06T17:10:25","modified_gmt":"2025-03-06T20:10:25","slug":"gobierno-de-estafadores-neoliberalismo-farsa-economica-y-criptomonedas","status":"publish","type":"post","link":"https:\/\/pcce.com.ar\/pcce\/2025\/03\/06\/gobierno-de-estafadores-neoliberalismo-farsa-economica-y-criptomonedas\/","title":{"rendered":"GOBIERNO DE ESTAFADORES:  Neoliberalismo, farsa econ\u00f3mica y criptomonedas"},"content":{"rendered":"<h4 class=\"p1\"><span class=\"s1\">GOBIERNO DE ESTAFADORES<\/span><\/h4>\n<h1 class=\"p1\"><span class=\"s1\">Neoliberalismo, farsa econ\u00f3mica y criptomonedas<\/span><\/h1>\n<p class=\"p1\"><span class=\"s1\">E<\/span><span class=\"s1\">l pasado 14 de febrero el presidente argentino promocion\u00f3 desde su twitter oficial una criptomoneda que ser\u00eda utilizada para \u201cinvertir en pymes argentinas\u201d. En cuesti\u00f3n de minutos decenas de miles de sus seguidores e \u201cinversores\u201d a nivel mundial comenzaron a comprar dicha cripto depositando cientos de millones de d\u00f3lares (no se sabe la cifra exacta todav\u00eda). Mientras tanto, un grupo selecto de por lo menos 10 personas -\u201cinsiders\u201d- comenzaron a retirar todo el dinero llevando la criptomoneda a cero en pocas horas. Se hab\u00eda consumado la estafa. Qu\u00e9 hizo el presidente a continuaci\u00f3n: borrar el tweet y desligarse del asunto. Al d\u00eda de hoy Milei no logra sostener un relato coherente ante semejante robo y las pruebas que lo complican son abrumadoras: decenas de reuniones con los delincuentes en cuesti\u00f3n, borrado de fotos y videos que lo comprometen; denuncias por pedido de coimas por parte de Karina Milei. Ni hablar del prontuario del mismo presidente, que ya hab\u00eda participado de este tipo de estafas en dos ocasiones anteriores (Vulcano y CoinX). Diarios internacionales como The Economist, Forbes y The New York Times, tambi\u00e9n fueron lapidarios con el primer mandatario. Conocemos hoy c\u00f3mo gran parte de los participantes centrales de la estafa estaban estrechamente vinculados a \u00e9l y a su hermana Karina, incluyendo a Mauricio Novelli, Manuel Terrones Godoy, Juli\u00e1n Peh, Hayden Davis y Sergio Morales. Ahora bien, la estafa solo se pudo lograr con el presidente como figura principal. Sin su participaci\u00f3n no hubiera sido posible.<\/span><\/p>\n<h4 class=\"p3\"><strong><span class=\"s1\">La justificaci\u00f3n ideol\u00f3gica<\/span><\/strong><\/h4>\n<p class=\"p2\"><span class=\"s1\">El mercado de criptomonedas, que aparenta escapar de las regulaciones estatales (aunque no de la influencia de las corporaciones y los estafadores de poca monta como el presidente argentino) se consolid\u00f3 en los \u00faltimos a\u00f1os como un mecanismo para lavar dinero y comercializar bienes al margen de la ley y la tributaci\u00f3n. Hasta ah\u00ed llega el \u201cpoder\u201d de estas monedas digitales. Sin embargo, la base del valor de las criptomonedas sigue radicando en la cantidad de dinero que ingresa en su circuito. Por s\u00ed solas, las criptomonedas no tienen valor intr\u00ednseco; contin\u00faan dependiendo de su interacci\u00f3n con las monedas de circulaci\u00f3n oficiales (estas \u00faltimas ligadas a la producci\u00f3n). La teor\u00eda subjetiva del valor, defendida por terraplanistas como Milei -a diferencia de la teor\u00eda objetiva de Marx-, sostiene que cualquier criptomoneda (y cualquier mercanc\u00eda para el caso) tiene el valor que los individuos le asignan por arte de magia, sin la necesidad de estar respaldadas por nada. Esto fue precisamente lo que el presidente argentino tambi\u00e9n intent\u00f3 promover con su estafa: la idea de que $Libra se valorizar\u00eda simplemente porque \u00e9l la estaba promocionando. Sin embargo, la realidad se termin\u00f3 imponiendo evidenciando el fiasco. La criptomoneda de Milei no val\u00eda ABSOLUTAMENTE NADA, fue simplemente un mecanismo de estafa.<\/span><\/p>\n<h4 class=\"p3\"><strong><span class=\"s1\">\u00bfHabr\u00e1 impunidad?<\/span><\/strong><\/h4>\n<p class=\"p2\"><span class=\"s1\">Hasta ahora, a casi un mes, y con todas las pruebas y evidencias conocidas, la investigaci\u00f3n formal no est\u00e1 avanzando. En el Senado, el oficialismo y sus aliados bloquearon la creaci\u00f3n de una Comisi\u00f3n Investigadora, incluso frente a sospechas de sobornos para influir en los votos, recordando el esc\u00e1ndalo del ex senador Kueider. En la C\u00e1mara de Diputados, aunque se intent\u00f3 organizar una reuni\u00f3n informativa, el gobierno presion\u00f3 para que sus legisladores afines no asistieran. As\u00ed y todo, se presentaron expertos en el caso que dejaron muy mal parado al presidente. En el \u00e1mbito judicial, el caso sigue estancado. El juzgado de Mar\u00eda Servini a\u00fan no determin\u00f3 si hubo una acci\u00f3n deliberada (siendo una obviedad que s\u00ed la hubo, adem\u00e1s de haber sido planificado durante meses); y el fiscal Eduardo Taiano evit\u00f3 solicitar medidas clave, como el congelamiento de fondos o la realizaci\u00f3n de peritajes en tel\u00e9fonos y redes sociales, mientras las pruebas est\u00e1n siendo borradas. Hay otras denuncias abiertas en Estados Unidos y Espa\u00f1a, y probablemente aparezcan nuevas en otros pa\u00edses, con miles de damnificados. Probablemente todas estas causas vayan no solo contra Milei, sino tambi\u00e9n contra el Estado argentino.\u00a0<\/span><\/p>\n<p class=\"p2\"><span class=\"s1\">Mientras tanto el gobierno sigue avanzando con su plan neocolonial de destrucci\u00f3n del aparato productivo nacional y la pauperizaci\u00f3n de nuestra clase trabajadora. En pocos d\u00edas avanz\u00f3 con decretos para privatizar el Banco Naci\u00f3n y Yacimientos Carbon\u00edferos R\u00edo Turbio (YCRT), la designaci\u00f3n expr\u00e9s de jueces de la Corte Suprema de forma inconstitucional y la amenaza de intervenir la provincia de Buenos Aires. La industria sigue en ca\u00edda libre con quebrantos y cierres cada vez m\u00e1s importantes y el consumo popular contin\u00faa derrumb\u00e1ndose. El gobierno, para evitar un estallido econ\u00f3mico antes de las elecciones, est\u00e1 buscando de forma desesperada contraer m\u00e1s deuda del FMI, y que por ahora responde con comunicados, selfies y sonrisas de ocasi\u00f3n.<\/span><\/p>\n<h4 class=\"p1\"><strong><span class=\"s1\">\u00bfEN QU\u00c9 PA\u00cdS VIVE MILEI?<\/span><\/strong><\/h4>\n<ul>\n<li class=\"p2\"><span class=\"s1\"><b>\u00bfEl ajuste recay\u00f3 sobre la casta?<\/b> No, fue sobre jubilaciones, pensiones, salarios y servicios p\u00fablicos que utiliza el sector privado. Tambi\u00e9n se par\u00f3 por completo la obra p\u00fablica, la cual ning\u00fan pa\u00eds del planeta puede prescindir. La \u201ccasta\u201d, el Poder econ\u00f3mico concentrado y sus pol\u00edticos ensobrados -como Milei-, siguen acumulando, fugando divisas al exterior e impartiendo o recibiendo coimas.<\/span><\/li>\n<li class=\"p2\"><span class=\"s1\"><b>\u00bfBaj\u00f3 la inflaci\u00f3n? <\/b>Mal medida s\u00ed, y si la medimos en d\u00f3lares subi\u00f3 tanto que hoy somos uno de los pa\u00edses m\u00e1s caros del mundo. Seg\u00fan el IPC del INDEC, que no pondera como corresponde la suba de servicios, alquileres y otros bienes en el \u00faltimo a\u00f1o, la inflaci\u00f3n mensual pas\u00f3 del 12,8% en noviembre de 2023 (no la locura del 17 mil por ciento que dice el presidente) al 25% en diciembre de 2023. A partir de ah\u00ed comienza a bajar paulatinamente a n\u00fameros cercanos al 2% mensual (si se midiera bien ser\u00eda el doble o hasta el triple) y de 117,8% anualizada. Esto en base a un atraso cambiario fenomenal, con intervenci\u00f3n, carry trade, cepo y salarios pisados.<span class=\"Apple-converted-space\">\u00a0<\/span><\/span><\/li>\n<li class=\"p2\"><span class=\"s1\"><b>\u00bfBaj\u00f3 la deuda p\u00fablica? <\/b>No. En un a\u00f1o aument\u00f3 de 370 mil millones de d\u00f3lares a 465 mil millones de d\u00f3lares (el 70% corresponde a deuda emitida en pesos) \u00bfQu\u00e9 podr\u00eda ocurrir este a\u00f1o con los vencimientos si en moneda extranjera se deben afrontar pagos por 17 mil millones de d\u00f3lares? Ac\u00e1 es donde el gobierno est\u00e1 m\u00e1s desesperado buscando un nuevo acuerdo con el Fondo Monetario Internacional (FMI) y reprogramar parte del calendario de vencimientos, sobre todo porque en todo este tiempo no acumul\u00f3 reservas y se fum\u00f3 todas las divisas que pudo.<\/span><\/li>\n<li class=\"p2\"><span class=\"s1\"><b>\u00bfSe elimin\u00f3 el d\u00e9ficit financiero?<\/b> No. Milei asegura que cerr\u00f3 el ultimo a\u00f1o con un super\u00e1vit cercano al 0,6% del PBI, pero este dato, como todos, es un dibujo. Para llegar a ese n\u00famero tuvieron que apropiarse de recursos provinciales, patear deuda con energ\u00e9ticas, parar por completo la obra p\u00fablica y no contabilizar los intereses que generan los instrumentos financieros del Tesoro. Contando solo estos \u00faltimos el d\u00e9ficit ser\u00eda del 2%, contando el resto ser\u00eda much\u00edsimo m\u00e1s.<\/span><\/li>\n<li class=\"p2\"><span class=\"s1\"><b>\u00bfCreci\u00f3 la actividad econ\u00f3mica?<\/b> No. A contramano de los dichos de Milei -que la econom\u00eda hab\u00eda crecido un 5,5%- la realidad es que el PBI, seg\u00fan el mismo INDEC, cay\u00f3 en un 1,8% en 2024. El dato que toman para llegar al 5,5% es comparar diciembre de 2024 con diciembre de 2023, cuando el mismo Milei aplic\u00f3 la devaluaci\u00f3n brutal del 118%. As\u00ed y todo, incluso si le sacamos el arrastre estad\u00edstico del agro, que en 2023 tuvo la peor sequ\u00eda en 100 a\u00f1os, la ca\u00edda es mucho mayor, superior al 4%, siendo los sectores m\u00e1s afectados la construcci\u00f3n, la industria manufacturera, el consumo popular y la gastronom\u00eda.<\/span><\/li>\n<\/ul>\n<h4 class=\"p1\"><strong><span class=\"s1\">MIENTRAS TANTO\u2026<\/span><\/strong><\/h4>\n<ul>\n<li class=\"p2\"><span class=\"s1\"><b>D\u00e1nica<\/b> cerr\u00f3 su planta en Llavallol despidiendo a 150 trabajadores, algunos con m\u00e1s de 40 a\u00f1os de antig\u00fcedad. Hace 85 a\u00f1os que la planta produce alimentos. Durante el macrismo fue comprada por el grupo Beltr\u00e1n y el sindicato SOEIA denuncia el vaciamiento definitivo en la actualidad, ante el derrumbe del consumo popular y la rentabilidad general de la econom\u00eda libertaria.<\/span><\/li>\n<li class=\"p2\"><span class=\"s1\">El <b>Grupo Dass <\/b>cerr\u00f3 su planta de Coronel Su\u00e1rez despidiendo a 400 trabajadores. La empresa, que fabrica calzado deportivo para marcas como Nike, Adidas y Fila, est\u00e1 presente en la Argentina desde 2008, fecha desde la que lleva invertidos unos US$185 millones. El a\u00f1o pasado se importaron el 50% de las zapatillas que circulan en el mercado.<\/span><\/li>\n<li class=\"p2\"><span class=\"s1\">El <b>Frigor\u00edfico Las Heras<\/b>, de la localidad hom\u00f3nima, est\u00e1 en proceso de remate y con 200 empleos en riesgo. Es uno de los m\u00e1s importantes del pa\u00eds ya que tiene autorizaci\u00f3n de exportar a China. Los trabajadores lo tomaron en m\u00e1s de una oportunidad ante la falta de pago por parte de sus actuales propietarios. Esto se da en un contexto de ca\u00edda brutal del consumo de carne, que\u00a0se redujo 12% durante 2024 y se ubic\u00f3 como el peor a\u00f1o en ventas de cortes vacunos en m\u00e1s de veinte a\u00f1os.<\/span><\/li>\n<li class=\"p2\"><span class=\"s1\"><b>Av\u00f3n<\/b> tambi\u00e9n cerr\u00f3 una de sus sedes en San Fernando y despidi\u00f3 a 293 trabajadores. La marca es propiedad del grupo brasile\u00f1o Natura y est\u00e1 reestructurando sus operaciones en el pa\u00eds. Este centro funcionaba desde 1980, mientras que sus inicios se remontan la d\u00e9cada del 70, donde inaugur\u00f3 su primera planta industrial en Moreno, provincia de Buenos Aires.<\/span><\/li>\n<li class=\"p2\"><span class=\"s1\">Otra f\u00e1brica de calzado, <b>Bicontinentar<\/b>, en la localidad de Chivilcoy, est\u00e1 a punto de cerrar definitivamente y alega no poder pagar los sueldos de 170 trabajadores. Ya hab\u00edan sufrido 100 despidos el a\u00f1o pasado. El antecedente que los trabajadores tienen presente es que no se trata de la primera vez que sucede. Hasta 2018 la planta funcion\u00f3 bajo el nombre Paquet\u00e1, de capitales brasile\u00f1os y cerr\u00f3 como consecuencia de la pol\u00edtica de Mauricio Macri. Fabrica las marcas New Balance, Diadora y Montagne.<\/span><\/li>\n<li class=\"p2\"><span class=\"s1\"><b>Morvillo<\/b>, la hist\u00f3rica grafica de Avellaneda quebr\u00f3 despu\u00e9s de 50 a\u00f1os de actividad dejando a 200 trabajadores en la calle. As\u00ed y todo los obreros contin\u00faan en un plan de lucha con permanencias pacificas en las instalaciones. Los propietarios dicen que el aumento de los costos y la quiebra de uno de sus principales clientes, ARCA Distribuidores, llev\u00f3 a la empresa a tener que cerrar sus puertas.<\/span><\/li>\n<\/ul>\n","protected":false},"excerpt":{"rendered":"<p>GOBIERNO DE ESTAFADORES Neoliberalismo, farsa econ\u00f3mica y criptomonedas El pasado 14 de febrero el presidente argentino promocion\u00f3 desde su twitter oficial una criptomoneda que ser\u00eda utilizada para \u201cinvertir en pymes argentinas\u201d. En cuesti\u00f3n de minutos decenas de miles de sus seguidores e \u201cinversores\u201d a nivel mundial comenzaron a comprar dicha cripto depositando cientos de millones [&hellip;]<\/p>\n","protected":false},"author":1,"featured_media":25796,"comment_status":"closed","ping_status":"closed","sticky":false,"template":"","format":"standard","meta":{"tdm_status":"","tdm_grid_status":"","footnotes":""},"categories":[4,39],"tags":[],"class_list":["post-25788","post","type-post","status-publish","format-standard","has-post-thumbnail","hentry","category-featured","category-nota-central"],"_links":{"self":[{"href":"https:\/\/pcce.com.ar\/pcce\/wp-json\/wp\/v2\/posts\/25788","targetHints":{"allow":["GET"]}}],"collection":[{"href":"https:\/\/pcce.com.ar\/pcce\/wp-json\/wp\/v2\/posts"}],"about":[{"href":"https:\/\/pcce.com.ar\/pcce\/wp-json\/wp\/v2\/types\/post"}],"author":[{"embeddable":true,"href":"https:\/\/pcce.com.ar\/pcce\/wp-json\/wp\/v2\/users\/1"}],"replies":[{"embeddable":true,"href":"https:\/\/pcce.com.ar\/pcce\/wp-json\/wp\/v2\/comments?post=25788"}],"version-history":[{"count":0,"href":"https:\/\/pcce.com.ar\/pcce\/wp-json\/wp\/v2\/posts\/25788\/revisions"}],"wp:featuredmedia":[{"embeddable":true,"href":"https:\/\/pcce.com.ar\/pcce\/wp-json\/wp\/v2\/media\/25796"}],"wp:attachment":[{"href":"https:\/\/pcce.com.ar\/pcce\/wp-json\/wp\/v2\/media?parent=25788"}],"wp:term":[{"taxonomy":"category","embeddable":true,"href":"https:\/\/pcce.com.ar\/pcce\/wp-json\/wp\/v2\/categories?post=25788"},{"taxonomy":"post_tag","embeddable":true,"href":"https:\/\/pcce.com.ar\/pcce\/wp-json\/wp\/v2\/tags?post=25788"}],"curies":[{"name":"wp","href":"https:\/\/api.w.org\/{rel}","templated":true}]}}