{"id":25816,"date":"2025-04-04T09:17:09","date_gmt":"2025-04-04T12:17:09","guid":{"rendered":"https:\/\/pcce.com.ar\/pcce\/?p=25816"},"modified":"2025-04-04T09:17:09","modified_gmt":"2025-04-04T12:17:09","slug":"crece-el-descontento-popular-organizar-la-bronca","status":"publish","type":"post","link":"https:\/\/pcce.com.ar\/pcce\/2025\/04\/04\/crece-el-descontento-popular-organizar-la-bronca\/","title":{"rendered":"CRECE EL DESCONTENTO POPULAR: Organizar la bronca"},"content":{"rendered":"<h4 class=\"p2\"><span class=\"s1\">CRECE EL DESCONTENTO POPULAR<\/span><\/h4>\n<h1><span class=\"s1\">Organizar la bronca<\/span><\/h1>\n<p class=\"p1\"><span class=\"s1\">E<\/span><span class=\"s1\">n el verano caliente, su discurso en Davos lanz\u00f3 a la calle a una multitud que se reuni\u00f3 en asamblea espont\u00e1nea y sali\u00f3 a marchar contra su discurso homo-odiante y mis\u00f3gino con una consigna transversal, amplia y directamente en contra del gobierno, una marcha contra el fascismo. La estafa cripto asent\u00f3 un fuerte golpe a la supuesta imagen de solidez que se contradice con la realidad cada vez m\u00e1s paup\u00e9rrima que viven las amplias mayor\u00edas populares. El circo empez\u00f3 a ser insuficiente.<\/span><\/p>\n<p class=\"p2\"><span class=\"s1\">Los jubilados en su ronda de los mi\u00e9rcoles al Congreso fueron gaseados y apaliados en un fest\u00edn de horror. Sin embargo y a pesar de la vocaci\u00f3n gaseadora de los milicos de azul, hubo un quiebre y la solidaridad popular se emplaz\u00f3 para hacer frente a tanto oprobio. De apoco y cada vez m\u00e1s se empez\u00f3 a acompa\u00f1ar el reclamo de uno de los sectores m\u00e1s ajustados. El mi\u00e9rcoles 12 muchas hinchadas de clubes se hicieron presente y el gobierno despleg\u00f3 todo el accionar represivo del Estado, el Estado que s\u00ed les gusta y en el que no reparan en gasto, con un operativo a la medida de Bullrich y Milei en pantalla completa el prime time.<\/span><\/p>\n<p class=\"p2\"><span class=\"s1\">A la represi\u00f3n brutal que dej\u00f3 al fot\u00f3grafo Pablo Grillo al borde de la muerte, a una jubilada con un golpe tremendo en la cabeza y cientos de detenidos que fueron r\u00e1pidamente liberados le respondi\u00f3 una movilizaci\u00f3n aun mayor el mi\u00e9rcoles siguiente. Como en anteriores momentos de la historia reciente, los mi\u00e9rcoles est\u00e1n pasando a ser un emblema de la lucha contra el gobierno hambreador. A pesar de todo, parece que, en la Argentina de Milei, la liquidaci\u00f3n de ingresos populares y la motosierra a la salud, la educaci\u00f3n y la protecci\u00f3n social no eran tan bienvenidas como nos cuenta el gobierno y su aparato de propaganda.<\/span><\/p>\n<p class=\"p2\"><span class=\"s1\">El 24 de marzo, a 49 a\u00f1os del golpe una multitud colm\u00f3 Plaza de Mayo y todas las calles hasta la 9 de julio. La masividad de la marcha en Buenos Aires y en el pa\u00eds no fue una sorpresa, pero se ven\u00eda de otras manifestaciones que fueron duramente reprimidas y de un ataque a todo lo que significan las pol\u00edticas de Memoria, Verdad y Justicia. El documento de unidad se ley\u00f3 en la plaza cerca de las seis de la tarde y eran las ocho y media y la gente permanec\u00eda sin querer irse. Acudieron familias enteras, centros de estudiantes, sindicatos, organizaciones sociales y partidos pol\u00edticos, adem\u00e1s de los organismos de derechos humanos, Madres y Abuelas en un ir y venir que ten\u00eda aire de encuentro y festividad por reconocerse en la memoria intacta y la voluntad de manifestar nuevamente que fue un genocidio y que fueron 30.000. Que hay pueblo que resiste, que hay reservas para rato, aunque el fascismo neoliberal se fume las del Central todo los d\u00edas y el cadete con su ministro de econom\u00eda no sepan c\u00f3mo hacer para llegar a octubre sin devaluar.<\/span><\/p>\n<p class=\"p2\"><span class=\"s1\">La semana pasada y esta fue una hemorragia del verde papel y los mercados clamaban devaluaci\u00f3n. El gobierno no dio pie con bola (\u00bfcon la tarea que tienen podr\u00edan siquiera hacer pie?). El Banco Central intervino toda la semana sin descanso para pisar el d\u00f3lar; Toto sali\u00f3 a calmar a los mercados; el Fondo lo desminti\u00f3; sali\u00f3 Milei desesperado para desmentir al Fondo, y por fin Georgieva a apoyar al cadete. Argentina tendr\u00e1 el 40 por ciento de toda la deuda que haya concedido el Fondo Monetario Internacional. Todos pr\u00e9stamos pol\u00edticos.<span class=\"Apple-converted-space\">\u00a0<\/span><\/span><\/p>\n<p class=\"p2\"><span class=\"s1\">En respuesta el PJ le advirti\u00f3 al Fondo que no aceptaba la legalidad de la nueva deuda. Al otro d\u00eda del comunicado, el jefe del Departamento de Estado de Estados Unidos, el verdadero jefe de los Milei, Macri y Cia., Marco Rubio, prohibi\u00f3 el ingreso a ese pa\u00eds de Cristina Kirchner y sus hijos, se le pasaron les nietes.<\/span><\/p>\n<p class=\"p2\"><span class=\"s1\">El gobierno est\u00e1 en un problema, est\u00e1 obligado a devaluar (lo piden todos sus patrones de afuera y de adentro), pero el cadete necesita aguantar hasta las elecciones para no precipitarse en una derrota. Milei y Caputo quieren la plata para aguantar hasta despu\u00e9s de octubre, como pas\u00f3 con Macri, pero m\u00e1s r\u00e1pido.<\/span><\/p>\n<p class=\"p2\"><span class=\"s1\">S\u00ed, el reloj de arena se dio vuelta. Por lo pronto la CGT, que tiene el olfato m\u00e1s desarrollado que Larreta, plante\u00f3 una jornada de 36 horas de lucha con paro de 24 horas a la que se pliegan las dos CTA. Comenzar\u00e1 el mi\u00e9rcoles 9. La protesta gana la calle, unificar las luchas de todos los sectores afectados es la tarea.<\/span><\/p>\n","protected":false},"excerpt":{"rendered":"<p>CRECE EL DESCONTENTO POPULAR Organizar la bronca En el verano caliente, su discurso en Davos lanz\u00f3 a la calle a una multitud que se reuni\u00f3 en asamblea espont\u00e1nea y sali\u00f3 a marchar contra su discurso homo-odiante y mis\u00f3gino con una consigna transversal, amplia y directamente en contra del gobierno, una marcha contra el fascismo. La [&hellip;]<\/p>\n","protected":false},"author":1,"featured_media":25825,"comment_status":"closed","ping_status":"closed","sticky":false,"template":"","format":"standard","meta":{"tdm_status":"","tdm_grid_status":"","footnotes":""},"categories":[4,19],"tags":[],"class_list":["post-25816","post","type-post","status-publish","format-standard","has-post-thumbnail","hentry","category-featured","category-pagina2"],"_links":{"self":[{"href":"https:\/\/pcce.com.ar\/pcce\/wp-json\/wp\/v2\/posts\/25816","targetHints":{"allow":["GET"]}}],"collection":[{"href":"https:\/\/pcce.com.ar\/pcce\/wp-json\/wp\/v2\/posts"}],"about":[{"href":"https:\/\/pcce.com.ar\/pcce\/wp-json\/wp\/v2\/types\/post"}],"author":[{"embeddable":true,"href":"https:\/\/pcce.com.ar\/pcce\/wp-json\/wp\/v2\/users\/1"}],"replies":[{"embeddable":true,"href":"https:\/\/pcce.com.ar\/pcce\/wp-json\/wp\/v2\/comments?post=25816"}],"version-history":[{"count":0,"href":"https:\/\/pcce.com.ar\/pcce\/wp-json\/wp\/v2\/posts\/25816\/revisions"}],"wp:featuredmedia":[{"embeddable":true,"href":"https:\/\/pcce.com.ar\/pcce\/wp-json\/wp\/v2\/media\/25825"}],"wp:attachment":[{"href":"https:\/\/pcce.com.ar\/pcce\/wp-json\/wp\/v2\/media?parent=25816"}],"wp:term":[{"taxonomy":"category","embeddable":true,"href":"https:\/\/pcce.com.ar\/pcce\/wp-json\/wp\/v2\/categories?post=25816"},{"taxonomy":"post_tag","embeddable":true,"href":"https:\/\/pcce.com.ar\/pcce\/wp-json\/wp\/v2\/tags?post=25816"}],"curies":[{"name":"wp","href":"https:\/\/api.w.org\/{rel}","templated":true}]}}