{"id":25817,"date":"2025-04-04T09:19:47","date_gmt":"2025-04-04T12:19:47","guid":{"rendered":"https:\/\/pcce.com.ar\/pcce\/?p=25817"},"modified":"2025-04-04T09:19:47","modified_gmt":"2025-04-04T12:19:47","slug":"el-gobierno-a-la-deriva-milei-a-los-botes","status":"publish","type":"post","link":"https:\/\/pcce.com.ar\/pcce\/2025\/04\/04\/el-gobierno-a-la-deriva-milei-a-los-botes\/","title":{"rendered":"EL GOBIERNO A LA DERIVA: Milei a los botes"},"content":{"rendered":"<h4 class=\"p1\"><span class=\"s1\">EL GOBIERNO A LA DERIVA<\/span><\/h4>\n<h1 class=\"p1\"><span class=\"s1\">Milei a los botes<\/span><\/h1>\n<p class=\"p1\"><span class=\"s1\">C<\/span><span class=\"s1\">atorce meses bastaron para que comenzara a implosionar la pol\u00edtica econ\u00f3mica del gobierno de la Libertad Avanza. El rechazo social (que desde la estafa de las cripto en adelante no detiene su curva ascendente) es un condicionamiento de peso que estuvo ausente durante el primer a\u00f1o de Milei al frente del Ejecutivo. Hace pocas semanas, Cristina advirti\u00f3 que se hab\u00eda dado vuelta el reloj de arena. No se equivoc\u00f3. El criminal despliegue represivo que Bullrich implement\u00f3 en el marco de las protestas en defensa de los jubilados (y que puso en riesgo la vida de Pablo Grillo) est\u00e1 destinado a generar miedo y desmovilizaci\u00f3n en un contexto cr\u00edtico para el gobierno. El efecto fue el contrario, puesto que miles y miles de compatriotas colmaron la Plaza de los Dos Congresos frente a la embestida oficial.<span class=\"Apple-converted-space\">\u00a0<\/span><\/span><\/p>\n<p class=\"p2\"><span class=\"s1\">La tablita cambiaria de Caputo (que establece una devaluaci\u00f3n del 1% por ciento mensual) ya no va m\u00e1s. El gobierno tiene que afrontar cuantiosos vencimientos de deuda este a\u00f1o y no cuenta con los d\u00f3lares suficientes. Las reservas del Banco Central son negativas, con una sangr\u00eda cotidiana que busca sostener el tipo de cambio frente a la presi\u00f3n de exportadores que impulsan una devaluaci\u00f3n, y tambi\u00e9n de quienes la est\u00e1n juntando en pala con la bicicleta financiera (d\u00f3lar barato y tasas de inter\u00e9s positivas en pesos). A esta altura resulta una verdad de perogrullo, pero el asunto es que si el gobierno no deval\u00faa va a un default, y si deval\u00faa estalla por los aires el chamuyo de la inflaci\u00f3n a la baja, con la posibilidad de que lleguen en muletas a las elecciones de medio t\u00e9rmino. Esto explica la desesperaci\u00f3n por el ingreso de fondos vivos del FMI, que podr\u00edan dilatar por alg\u00fan tiempo un final ya anunciado. Esos 8.000 millones de d\u00f3lares que prometi\u00f3 Kristalina Georgieva se van a perder en la canaleta de la fuga y la timba financiera, parafraseando a un dirigente radical hoy resguardado en el ostracismo. El problema es que esta nueva deuda va a recaer (una vez m\u00e1s) sobre el lomo de nuestro pueblo, que todav\u00eda hoy est\u00e1 pagando la campa\u00f1a electoral de Macri en el 2019.<span class=\"Apple-converted-space\">\u00a0<\/span><\/span><\/p>\n<p class=\"p2\"><span class=\"s1\">Cae a m\u00ednimos hist\u00f3ricos el consumo de carne, tambi\u00e9n de la leche; el costo de los servicios p\u00fablicos equivale a una tercera parte de los salarios; la industria y la actividad manufacturera se hunden y caen miles de puestos de trabajo todos los meses; en estado de negaci\u00f3n, el gobierno informa una ca\u00edda de 15 puntos de la pobreza en el segundo semestre de 2024. Aunque a ojos vista resulte un absurdo, incorporemos un elemento: la canasta que mide el INDEC no considera los gastos de alquiler, aunque el 40 por ciento de la poblaci\u00f3n no cuenta con techo propio. Tal vez apremiada por esta realidad (c\u00f3mo saberlo) la conducci\u00f3n de la CGT se dispuso a convocar a un paro general para el 10 de abril, previo acompa\u00f1amiento de los jubilados el d\u00eda anterior. El escenario se compone entonces de tres factores determinantes: crisis econ\u00f3mica y financiera, debilidad pol\u00edtica y creciente conflictividad social. El desaf\u00edo se centra en c\u00f3mo poner de pie una alternativa que represente los intereses del campo nacional y popular, que a su vez se exprese con fuerza de cara a la disputa electoral que ya tiene se\u00f1al de largada conforme a los desdoblamientos definidos en varias provincias.<\/span><\/p>\n<p class=\"p2\"><span class=\"s1\">Es en este contexto que el gobierno, en t\u00e1ndem con la mafia judicial, reactiva el hostigamiento y persecuci\u00f3n contra la compa\u00f1era Cristina con la amenaza latente de proscribirla con c\u00e1rcel e inhabilitaci\u00f3n para ejercer cargos p\u00fablicos de por vida. Con fines distractivos, pero fundamentalmente para correr de la cancha al principal liderazgo en t\u00e9rminos estrat\u00e9gicos de nuestra Patria. En una reciente entrevista, \u00c1lvaro Garc\u00eda Linera sostuvo: \u201cHay que abandonar la ilusi\u00f3n de que la gente no va a aguantar. La gente no aguanta cuando, adem\u00e1s de tener un deterioro de sus condiciones de vida, hay una esperanza por la cual vale la pena unirse, reunirse, gastar tiempo, caminar, marchar y protestar\u201d. A la luz de esta l\u00facida definici\u00f3n, de la prioridad de construir con lucha y organizaci\u00f3n un horizonte pol\u00edtico en favor de las mayor\u00edas, es que resulta tan dif\u00edcil de asimilar la discusi\u00f3n planteada en el seno de nuestro espacio pol\u00edtico en la provincia de Buenos Aires, donde es imperioso comprender que la confrontaci\u00f3n con el enemigo principal debe contar con Axel y con Cristina. Si no se resuelve correctamente esa extra\u00f1a disputa en el principal distrito pol\u00edtico nacional, ese puede ser el principal motivo que le d\u00e9 sobrevida a este gobierno cipayo.<\/span><\/p>\n<p class=\"p2\"><span class=\"s1\">El \u00faltimo 24 de marzo cientos de miles se movilizaron en las principales ciudades del pa\u00eds por memoria, verdad y justicia, pero tambi\u00e9n como respuesta a las permanentes provocaciones de Milei y compa\u00f1\u00eda. Hay cuestiones que nuestro pueblo no est\u00e1 dispuesto a tolerar, no solo por lo que pas\u00f3 hace 49 a\u00f1os, sino de cara al futuro. Lo mismo sucede con la causa Malvinas, a cuya soberan\u00eda no renunciamos y ni renunciaremos. M\u00e1s temprano que tarde, esta tragedia se va a revertir. Nuestra tarea, la de los militantes, sigue siendo acumular y organizar las fuerzas necesarias que nos permitan resistir y luchar por los cambios de fondo que nuestra Patria necesita.<\/span><\/p>\n","protected":false},"excerpt":{"rendered":"<p>EL GOBIERNO A LA DERIVA Milei a los botes Catorce meses bastaron para que comenzara a implosionar la pol\u00edtica econ\u00f3mica del gobierno de la Libertad Avanza. El rechazo social (que desde la estafa de las cripto en adelante no detiene su curva ascendente) es un condicionamiento de peso que estuvo ausente durante el primer a\u00f1o [&hellip;]<\/p>\n","protected":false},"author":1,"featured_media":25826,"comment_status":"closed","ping_status":"closed","sticky":false,"template":"","format":"standard","meta":{"tdm_status":"","tdm_grid_status":"","footnotes":""},"categories":[21,4],"tags":[],"class_list":["post-25817","post","type-post","status-publish","format-standard","has-post-thumbnail","hentry","category-editorial","category-featured"],"_links":{"self":[{"href":"https:\/\/pcce.com.ar\/pcce\/wp-json\/wp\/v2\/posts\/25817","targetHints":{"allow":["GET"]}}],"collection":[{"href":"https:\/\/pcce.com.ar\/pcce\/wp-json\/wp\/v2\/posts"}],"about":[{"href":"https:\/\/pcce.com.ar\/pcce\/wp-json\/wp\/v2\/types\/post"}],"author":[{"embeddable":true,"href":"https:\/\/pcce.com.ar\/pcce\/wp-json\/wp\/v2\/users\/1"}],"replies":[{"embeddable":true,"href":"https:\/\/pcce.com.ar\/pcce\/wp-json\/wp\/v2\/comments?post=25817"}],"version-history":[{"count":0,"href":"https:\/\/pcce.com.ar\/pcce\/wp-json\/wp\/v2\/posts\/25817\/revisions"}],"wp:featuredmedia":[{"embeddable":true,"href":"https:\/\/pcce.com.ar\/pcce\/wp-json\/wp\/v2\/media\/25826"}],"wp:attachment":[{"href":"https:\/\/pcce.com.ar\/pcce\/wp-json\/wp\/v2\/media?parent=25817"}],"wp:term":[{"taxonomy":"category","embeddable":true,"href":"https:\/\/pcce.com.ar\/pcce\/wp-json\/wp\/v2\/categories?post=25817"},{"taxonomy":"post_tag","embeddable":true,"href":"https:\/\/pcce.com.ar\/pcce\/wp-json\/wp\/v2\/tags?post=25817"}],"curies":[{"name":"wp","href":"https:\/\/api.w.org\/{rel}","templated":true}]}}