{"id":25844,"date":"2025-05-08T12:27:37","date_gmt":"2025-05-08T15:27:37","guid":{"rendered":"https:\/\/pcce.com.ar\/pcce\/?p=25844"},"modified":"2025-05-08T12:27:37","modified_gmt":"2025-05-08T15:27:37","slug":"neoliberalismo-explicito-salarios-precios-y-ganancias","status":"publish","type":"post","link":"https:\/\/pcce.com.ar\/pcce\/2025\/05\/08\/neoliberalismo-explicito-salarios-precios-y-ganancias\/","title":{"rendered":"NEOLIBERALISMO EXPL\u00cdCITO &#8211; Salarios, precios y ganancias"},"content":{"rendered":"<h4><span class=\"s1\">NEOLIBERALISMO EXPL\u00cdCITO<\/span><\/h4>\n<h1 class=\"p1\"><span class=\"s1\">Salarios, precios y ganancias<\/span><\/h1>\n<p class=\"p1\"><span class=\"s1\">M<\/span><span class=\"s1\">as all\u00e1 de la pompa de los anuncios de la desinflaci\u00f3n y la bullanguer\u00eda oficial, la realidad es que en la Argentina gobernada por los cascarudos se vive cada vez peor, una convergencia de p\u00e9rdida de poder adquisitivo, estancamiento econ\u00f3mico, devaluaciones e inflaci\u00f3n de diversa profundidad, todos garrotazos en el lomo del pueblo, las trabajadoras y trabajadores. Lejos de una recuperaci\u00f3n y una mejora en la calidad de vida, el gobierno de Milei est\u00e1 amenazando la vida de millones que ven c\u00f3mo sus ingresos sirven cada vez para menos.<\/span><\/p>\n<p class=\"p2\"><span class=\"s1\">En los \u00faltimos meses se dio una aceleraci\u00f3n del \u00cdndice de Precios al Consumidor que ven\u00eda en un aparente estancamiento (en enero fue del 2.2%). En febrero trep\u00f3 al 2,4% y en marzo al 3,7%. Tras la salida parcial del cepo, la devaluaci\u00f3n ocurrida fue de alrededor 12% y el gobierno concentr\u00f3 los esfuerzos en evitar un traslado a precios durante abril y mayo. El objetivo es llegar a las elecciones de medio t\u00e9rmino con la inflaci\u00f3n y el d\u00f3lar lo m\u00e1s quieto posible.<\/span><\/p>\n<p class=\"p2\"><span class=\"s1\">Caputo, le puso techo al incremento de las tarifas energ\u00e9ticas, as\u00ed como a la actualizaci\u00f3n del impuesto a los combustibles y el ajuste de la nafta y el gasoil en mayo. La incursi\u00f3n desinflacionaria del Gobierno abarc\u00f3 tambi\u00e9n a las prepagas. Las empresas de medicina privada hab\u00edan comunicado que las cuotas se ajustar\u00edan en un rango de entre 3% y 3,8%. No obstante, un encuentro con autoridades del Ministerio de Salud result\u00f3 en una mitigaci\u00f3n de las subas a un 2,3% a 2,6%. Est\u00e1 en discusi\u00f3n el aumento del transporte complicado con el paro nacional de colectivos que no pudieron atajar desde la Secretaria de Trabajo ni desde la c\u00fapula de la UTA; queda por verse si Econom\u00eda desempolva los subsidios para amortiguar un nuevo aumento del boleto.<span class=\"Apple-converted-space\">\u00a0<\/span><\/span><\/p>\n<p class=\"p2\"><span class=\"s1\">La intervenci\u00f3n estatal es la herramienta que usa sin descaro el presidente para llegar a octubre con chances de tener una buena performance electoral. El Estado interviene y controla el mercado de cambios, los precios de los alimentos con menos \u00e9xitos y los salarios de los trabajadores su mayor logro. El rechazo de las nuevas listas de precios despu\u00e9s de la devaluaci\u00f3n en los puntos de venta es atribuido a la merma vertical de la demanda, que lleva 15 meses seguidos de ca\u00edda a tono con la alarmante p\u00e9rdida del poder adquisitivo, donde el 75% de la poblaci\u00f3n no tiene capacidad de consumo y una p\u00e9rdida del poder adquisitivo cercana al 30% durante el primer a\u00f1o del gobierno de los cascarudos. Los supermercados y los comercios venden menos, con el menor consumo de carne y leche desde hace d\u00e9cadas.<span class=\"Apple-converted-space\">\u00a0<\/span><\/span><\/p>\n<p class=\"p2\"><span class=\"s1\">Desde la finalizaci\u00f3n de la presidencia de Cristina hasta la conclusi\u00f3n del primer a\u00f1o del gobierno de Milei, los trabajadores perdieron ingresos por 164.052 millones de d\u00f3lares seg\u00fan un estudio de CIFRA-CTA. Esa redistribuci\u00f3n del ingreso a favor del capital interrumpi\u00f3 el proceso previo que, durante los gobiernos kirchneristas, puso el eje de las relaciones econ\u00f3micas en la econom\u00eda real a partir de una distribuci\u00f3n del ingreso progresiva a favor de las mayor\u00edas populares.<\/span><\/p>\n<p class=\"p2\"><span class=\"s1\">Lo mismo sucede con el Salario, M\u00ednimo, Vital y M\u00f3vil. Desde la asunci\u00f3n del actual gobierno, perdi\u00f3 poder adquisitivo en una forma brutal: m\u00e1s de una tercera parte. Esta p\u00e9rdida se acumula con retrocesos previos: el salario m\u00ednimo se ubic\u00f3 en abril de 2025 en un nivel real que es 44,1% m\u00e1s bajo que en noviembre de 2019, al final del gobierno de Cambiemos, y 57,3% menor que noviembre de 2015. Ahora el valor real del SMVM es inferior al vigente durante la d\u00e9cada de 1990 y la crisis del 2001, cuando esta pol\u00edtica se hab\u00eda abandonado como herramienta para determinar pisos salariales e impulsar una menor desigualdad salarial, tal como en la actualidad. Por el contrario, el estudio de CIFRA se\u00f1ala que, de mantener el poder de compra del \u00faltimo gobierno de Cristina, el SMVM estar\u00eda actualmente cerca de los $ 700.000.<\/span><\/p>\n<p class=\"p2\"><span class=\"s1\">Otro fen\u00f3meno que acompa\u00f1a el ataque brutal contra los trabajadores es el incremento de intensidad laboral. Las jornadas laborales son m\u00e1s extensas cada d\u00eda. El pluriempleo bate r\u00e9cords hist\u00f3ricos y la jornada promedio es de 16,8 horas trabajadas. Otro dato importante es que el aumento del salario de los trabajadores registrados del sector privado no se da por la mejora en los b\u00e1sicos de convenio, que en general caen a causa de la pol\u00edtica del gobierno de eliminar de facto las paritarias libres y pisar los salarios lo m\u00e1ximo posible, la mejora se da por trabajar m\u00e1s horas. Cada vez m\u00e1s y sin necesidad de modificar la regulaci\u00f3n de tiempo de trabajo, la expansi\u00f3n de modalidades flexibles y precarias normaliza jornadas extenuantes que solo sirven para poder bancar los gastos b\u00e1sicos, las condiciones m\u00ednimas para la reproducci\u00f3n de la fuerza de trabajo.<span class=\"Apple-converted-space\">\u00a0<\/span><\/span><\/p>\n<p class=\"p2\"><span class=\"s1\">Nada de esto es obra del azar, nada de esto es inevitable. Es el resultado del programa econ\u00f3mico que vinieron a consolidar, un programa de dependencia y pauperizaci\u00f3n.<\/span><\/p>\n","protected":false},"excerpt":{"rendered":"<p>NEOLIBERALISMO EXPL\u00cdCITO Salarios, precios y ganancias Mas all\u00e1 de la pompa de los anuncios de la desinflaci\u00f3n y la bullanguer\u00eda oficial, la realidad es que en la Argentina gobernada por los cascarudos se vive cada vez peor, una convergencia de p\u00e9rdida de poder adquisitivo, estancamiento econ\u00f3mico, devaluaciones e inflaci\u00f3n de diversa profundidad, todos garrotazos en [&hellip;]<\/p>\n","protected":false},"author":1,"featured_media":25854,"comment_status":"closed","ping_status":"closed","sticky":false,"template":"","format":"standard","meta":{"tdm_status":"","tdm_grid_status":"","footnotes":""},"categories":[4,19],"tags":[],"class_list":["post-25844","post","type-post","status-publish","format-standard","has-post-thumbnail","hentry","category-featured","category-pagina2"],"_links":{"self":[{"href":"https:\/\/pcce.com.ar\/pcce\/wp-json\/wp\/v2\/posts\/25844","targetHints":{"allow":["GET"]}}],"collection":[{"href":"https:\/\/pcce.com.ar\/pcce\/wp-json\/wp\/v2\/posts"}],"about":[{"href":"https:\/\/pcce.com.ar\/pcce\/wp-json\/wp\/v2\/types\/post"}],"author":[{"embeddable":true,"href":"https:\/\/pcce.com.ar\/pcce\/wp-json\/wp\/v2\/users\/1"}],"replies":[{"embeddable":true,"href":"https:\/\/pcce.com.ar\/pcce\/wp-json\/wp\/v2\/comments?post=25844"}],"version-history":[{"count":0,"href":"https:\/\/pcce.com.ar\/pcce\/wp-json\/wp\/v2\/posts\/25844\/revisions"}],"wp:featuredmedia":[{"embeddable":true,"href":"https:\/\/pcce.com.ar\/pcce\/wp-json\/wp\/v2\/media\/25854"}],"wp:attachment":[{"href":"https:\/\/pcce.com.ar\/pcce\/wp-json\/wp\/v2\/media?parent=25844"}],"wp:term":[{"taxonomy":"category","embeddable":true,"href":"https:\/\/pcce.com.ar\/pcce\/wp-json\/wp\/v2\/categories?post=25844"},{"taxonomy":"post_tag","embeddable":true,"href":"https:\/\/pcce.com.ar\/pcce\/wp-json\/wp\/v2\/tags?post=25844"}],"curies":[{"name":"wp","href":"https:\/\/api.w.org\/{rel}","templated":true}]}}