{"id":25883,"date":"2025-06-06T11:00:15","date_gmt":"2025-06-06T14:00:15","guid":{"rendered":"https:\/\/pcce.com.ar\/pcce\/?p=25883"},"modified":"2025-06-06T11:00:15","modified_gmt":"2025-06-06T14:00:15","slug":"frente-a-la-apatia-el-desanimo-y-la-resignacion-el-papel-fundamental-de-la-lucha","status":"publish","type":"post","link":"https:\/\/pcce.com.ar\/pcce\/2025\/06\/06\/frente-a-la-apatia-el-desanimo-y-la-resignacion-el-papel-fundamental-de-la-lucha\/","title":{"rendered":"FRENTE A LA APAT\u00cdA, EL DES\u00c1NIMO Y LA RESIGNACI\u00d3N:  El papel fundamental de la lucha"},"content":{"rendered":"<h4 class=\"p1\"><span class=\"s1\">FRENTE A LA APAT\u00cdA, EL DES\u00c1NIMO Y LA RESIGNACI\u00d3N<\/span><\/h4>\n<h1 class=\"p1\"><span class=\"s1\">El papel fundamental de la lucha<\/span><\/h1>\n<p class=\"p1\"><span class=\"s1\">Existe una preocupaci\u00f3n recurrente que gira en torno a c\u00f3mo romper cierta apat\u00eda o indiferencia frente a los acontecimientos pol\u00edticos, fen\u00f3meno que cal\u00f3 hondo en una parte de nuestro pueblo durante los \u00faltimos a\u00f1os. Los niveles de ausentismo registrados en todos los procesos electorales realizados durante el 2025 evidencian los alcances de la crisis de representatividad pol\u00edtica. Respecto a esto podr\u00edamos diferenciar dos planos: el hartazgo general con \u201cla pol\u00edtica\u201d, y el repudio frente a una forma de hacer pol\u00edtica, forma que perme\u00f3 en el movimiento nacional y popular, apelando muchas veces a mecanismos propios de la concepci\u00f3n neoliberal.<\/span><\/p>\n<p class=\"p1\"><span class=\"s1\">La \u201cantipol\u00edtica\u201d fue dosificada cual goteo por los medios masivos de comunicaci\u00f3n, apalancados sobre la enorme frustraci\u00f3n generada por la experiencia del Frente de Todos (2019-2023). Esto posibilit\u00f3 la irrupci\u00f3n de un marginal como Javier Milei. Pero nos ocupa fundamentalmente aquello vinculado con el compromiso, con la participaci\u00f3n, con la actitud solidaria frente a una coyuntura econ\u00f3mica y social dram\u00e1tica en nuestro pa\u00eds. No creemos que haya f\u00f3rmulas m\u00e1gicas ni alquimias raras. El asunto est\u00e1 en crear las condiciones para recuperar el entusiasmo y la certeza de que se puede (y se debe) modificar el estado de cosas. Y la \u00fanica forma, a nuestro entender, es mediante la lucha. Nuestro pueblo tiene una larga tradici\u00f3n al respecto, con grandes sacrificios y p\u00e1ginas heroicas escritas.<\/span><\/p>\n<p class=\"p1\"><span class=\"s1\">Por eso la lucha no es una declamaci\u00f3n o un fetiche abstracto. Es el medio que nos permite abordar desde las reivindicaciones m\u00e1s chicas y espec\u00edficas, hasta las peleas por los cambios de fondo o estructurales. En el proceso juegan un papel determinante los grados de conciencia y organizaci\u00f3n alcanzados. Fue tal el desmadre que gener\u00f3 la victoria de Milei, que durante el 2024 se lleg\u00f3 a poner en duda si era conveniente o no estar en la calle. Por eso en diferentes circunstancias las reacciones espont\u00e1neas de nuestro pueblo frente a las pol\u00edticas de ajuste precedieron a la movilizaci\u00f3n de los sectores organizados, en particular del movimiento obrero.<\/span><\/p>\n<p class=\"p1\"><span class=\"s1\">La lucha requiere planificaci\u00f3n, inserci\u00f3n en el movimiento de masas, debate fraternal y v\u00ednculo pol\u00edtico con aquellos que est\u00e1n dispuestos a poner el cuerpo, un contacto tangible y material con los problemas concretos, que es algo m\u00e1s complejo y exigente que los likes acumulados en las et\u00e9reas redes sociales. Cuando se logra una conquista en un reclamo salarial, cuando se reincorpora a un compa\u00f1ero o compa\u00f1era despedida, o se alcanza una reivindicaci\u00f3n estudiantil, se experimenta otra forma de hacer pol\u00edtica, se recupera el entusiasmo, se pierde la desconfianza, se rompe la apat\u00eda. Parece una verdad de perogrullo, pero lo cierto es que a la hora de explicar \u201cpor qu\u00e9 la gente no reacciona\u201d, se dan miles de vueltas y se omite este objetivo aparentemente simple. Pero nuestro pueblo s\u00ed reacciona (como se observa en particular en estos d\u00edas) y ofrece lecciones. Con la lucha s\u00ed es posible.<\/span><\/p>\n<p class=\"p1\"><span class=\"s1\">Recientemente, la compa\u00f1era Cristina ofreci\u00f3 una serie de conceptos muy valiosos en una entrevista televisiva. All\u00ed anunci\u00f3 adem\u00e1s una importante novedad para nuestro pueblo, que es su candidatura a diputada provincial por la tercera secci\u00f3n electoral de la Provincia de Buenos Aires. Cristina plante\u00f3 que la pol\u00edtica no puede ser un escalaf\u00f3n, una carrera de postas para ganar posiciones en t\u00e9rminos individuales. Algo que abunda. Por otra parte, reafirm\u00f3 su convicci\u00f3n de que hacen falta m\u00e1s militantes pol\u00edticos y menos militantes electorales. La militancia pol\u00edtica es una forma de vida, que se revalida cotidianamente, y no solo cuando hay elecciones. Eso es lo que entendemos y analizamos nosotros, consideramos que es la \u00fanica interpretaci\u00f3n posible y que se debe demostrar en la pr\u00e1ctica concreta. Finalmente, ratific\u00f3 su voluntad de alcanzar una lista de unidad en territorio bonaerense, condici\u00f3n fundamental para enfrentar desde una posici\u00f3n de fuerza la embestida neoliberal y neofascista impulsada por la LLA.<\/span><\/p>\n<p class=\"p1\"><span class=\"s1\">Otro hecho de gran trascendencia fue el lanzamiento del Movimiento Derecho al Futuro (MDF) encabezado por el compa\u00f1ero y gobernador Axel Kicillof. En un discurso llano y al mismo tiempo profundo en sus contenidos, Axel hizo un recorrido minucioso de su gesti\u00f3n al frente de la provincia m\u00e1s populosa del pa\u00eds, donde se busca sostener las pol\u00edticas en beneficio de las mayor\u00edas en un contexto de ataques permanentes y desfinanciamiento por parte del gobierno nacional. El enemigo est\u00e1 afuera, es Milei, record\u00f3 Axel, orientando hacia d\u00f3nde deben dirigirse los esfuerzos para alcanzar una victoria en la Provincia de Buenos Aires, y abrir una perspectiva de cambio de cara al 2027. No puede ser motivo de discusi\u00f3n la necesidad de fortalecer al gobernador, y que cuente con todos los medios institucionales para llevar adelante las acciones que confrontan objetivamente con los objetivos del poder real en nuestro pa\u00eds. Por otra parte, alienta la irrupci\u00f3n de una nueva construcci\u00f3n donde confluyen fuerzas pol\u00edticas y sociales, centrales sindicales e intendentes con la necesidad de ir plantando una nueva alternativa pol\u00edtica con bases sociales. Es el camino de la lucha y la necesidad de un frente pol\u00edtico que busque representar las necesidades de nuestro pueblo. Y unidad program\u00e1tica; caso contrario estaremos repitiendo los mismos errores de un pasado reciente que nos condujo (en parte) al lamentable presente de nuestra Patria.<\/span><\/p>\n","protected":false},"excerpt":{"rendered":"<p>FRENTE A LA APAT\u00cdA, EL DES\u00c1NIMO Y LA RESIGNACI\u00d3N El papel fundamental de la lucha Existe una preocupaci\u00f3n recurrente que gira en torno a c\u00f3mo romper cierta apat\u00eda o indiferencia frente a los acontecimientos pol\u00edticos, fen\u00f3meno que cal\u00f3 hondo en una parte de nuestro pueblo durante los \u00faltimos a\u00f1os. Los niveles de ausentismo registrados en [&hellip;]<\/p>\n","protected":false},"author":1,"featured_media":25893,"comment_status":"closed","ping_status":"closed","sticky":false,"template":"","format":"standard","meta":{"tdm_status":"","tdm_grid_status":"","footnotes":""},"categories":[21,4],"tags":[],"class_list":["post-25883","post","type-post","status-publish","format-standard","has-post-thumbnail","hentry","category-editorial","category-featured"],"_links":{"self":[{"href":"https:\/\/pcce.com.ar\/pcce\/wp-json\/wp\/v2\/posts\/25883","targetHints":{"allow":["GET"]}}],"collection":[{"href":"https:\/\/pcce.com.ar\/pcce\/wp-json\/wp\/v2\/posts"}],"about":[{"href":"https:\/\/pcce.com.ar\/pcce\/wp-json\/wp\/v2\/types\/post"}],"author":[{"embeddable":true,"href":"https:\/\/pcce.com.ar\/pcce\/wp-json\/wp\/v2\/users\/1"}],"replies":[{"embeddable":true,"href":"https:\/\/pcce.com.ar\/pcce\/wp-json\/wp\/v2\/comments?post=25883"}],"version-history":[{"count":0,"href":"https:\/\/pcce.com.ar\/pcce\/wp-json\/wp\/v2\/posts\/25883\/revisions"}],"wp:featuredmedia":[{"embeddable":true,"href":"https:\/\/pcce.com.ar\/pcce\/wp-json\/wp\/v2\/media\/25893"}],"wp:attachment":[{"href":"https:\/\/pcce.com.ar\/pcce\/wp-json\/wp\/v2\/media?parent=25883"}],"wp:term":[{"taxonomy":"category","embeddable":true,"href":"https:\/\/pcce.com.ar\/pcce\/wp-json\/wp\/v2\/categories?post=25883"},{"taxonomy":"post_tag","embeddable":true,"href":"https:\/\/pcce.com.ar\/pcce\/wp-json\/wp\/v2\/tags?post=25883"}],"curies":[{"name":"wp","href":"https:\/\/api.w.org\/{rel}","templated":true}]}}