{"id":25886,"date":"2025-06-06T10:47:55","date_gmt":"2025-06-06T13:47:55","guid":{"rendered":"https:\/\/pcce.com.ar\/pcce\/?p=25886"},"modified":"2025-06-06T10:56:22","modified_gmt":"2025-06-06T13:56:22","slug":"zona-norte-plenario-y-accion-territorial","status":"publish","type":"post","link":"https:\/\/pcce.com.ar\/pcce\/2025\/06\/06\/zona-norte-plenario-y-accion-territorial\/","title":{"rendered":"ZONA NORTE: Plenario y acci\u00f3n territorial"},"content":{"rendered":"<h4 class=\"p1\"><span class=\"s1\">ZONA NORTE<\/span><\/h4>\n<h1 class=\"p1\"><span class=\"s1\">Plenario y acci\u00f3n territorial<\/span><\/h1>\n<p class=\"p1\"><span class=\"s1\">El domingo 25 de mayo realizamos un plenario de la Zona Norte del PCCE. Nos juntamos para celebrar la fecha patria y leer en colectivo la NP, intercambiando opiniones y debatiendo sobre nuestra l\u00ednea en el contexto en que militamos.<\/span><\/p>\n<p class=\"p1\"><span class=\"s1\">Nos reunimos en el local de SADOP de ese regional, compa\u00f1eros con quienes tenemos muy buena relaci\u00f3n y donde participamos hace un par de a\u00f1os. Vinieron al plenario camaradas universitarios, trabajadores de la educaci\u00f3n y la salud, del Estado y otros \u00e1mbitos de laburo, con compa\u00f1eras de Malvinas Argentinas, San Fernando, San Isidro y Vicente L\u00f3pez. Luego de compartir choris y charlas en un clima de amistad y compa\u00f1erismo, nos dedicamos a leer la contratapa de la prensa. Funcion\u00f3 como un motor para la discusi\u00f3n, partiendo del problema de la actualidad en los lugares de estudio y trabajo como h\u00e1bitat natural de nuestra acci\u00f3n pol\u00edtica. Luego discutimos nuestro deber de no dejarnos llevar por los estados de \u00e1nimo vol\u00e1tiles que muchas veces encontramos en nuestro lugar de acci\u00f3n. Se trata de estudiar y transformar a la voluntad en conciencia, interviniendo en los lugares de trabajo y de estudio como comunistas, con nuestra l\u00ednea, metodolog\u00eda y categor\u00edas. Cerramos el encuentro con entusiasmo, compartiendo optimismo y convicciones para militar y llevar lo planteado a la pr\u00e1ctica.<\/span><\/p>\n<p class=\"p1\"><span class=\"s1\">A la semana siguiente un grupo de compa\u00f1eros nos dimos cita en la estaci\u00f3n Arist\u00f3bulo del Valle del tren Belgrano, una zona con mucho movimiento y visibilidad en Vicente L\u00f3pez. Ah\u00ed fuimos unos 7 camaradas a repartir volantes y piquetear la prensa del Partido. A\u00fan siendo un lugar de paso, mucha gente se detuvo a hablar y llevarse los materiales. Al lado de nuestra bandera hablamos con laburantes, jubilados, vecinos, y lo que pudimos recoger fue un reconocimiento a la posici\u00f3n que venimos teniendo, as\u00ed como mucha bronca y rechazo al gobierno de abandono y destrucci\u00f3n criminal de los Milei. El desaf\u00edo ser\u00e1 darle a nuestro pueblo las herramientas para organizar ese descontento, brindarle la perspectiva de una salida pol\u00edtica junto a Axel y Cristina, reconstruir un proyecto nacional y popular para ponerle por fin un l\u00edmite a este modelo de saqueo, fascista y neoliberal.<\/span><\/p>\n","protected":false},"excerpt":{"rendered":"<p>ZONA NORTE Plenario y acci\u00f3n territorial El domingo 25 de mayo realizamos un plenario de la Zona Norte del PCCE. Nos juntamos para celebrar la fecha patria y leer en colectivo la NP, intercambiando opiniones y debatiendo sobre nuestra l\u00ednea en el contexto en que militamos. Nos reunimos en el local de SADOP de ese [&hellip;]<\/p>\n","protected":false},"author":1,"featured_media":25897,"comment_status":"closed","ping_status":"closed","sticky":false,"template":"","format":"standard","meta":{"tdm_status":"","tdm_grid_status":"","footnotes":""},"categories":[4,9],"tags":[],"class_list":["post-25886","post","type-post","status-publish","format-standard","has-post-thumbnail","hentry","category-featured","category-vidadepartido"],"_links":{"self":[{"href":"https:\/\/pcce.com.ar\/pcce\/wp-json\/wp\/v2\/posts\/25886","targetHints":{"allow":["GET"]}}],"collection":[{"href":"https:\/\/pcce.com.ar\/pcce\/wp-json\/wp\/v2\/posts"}],"about":[{"href":"https:\/\/pcce.com.ar\/pcce\/wp-json\/wp\/v2\/types\/post"}],"author":[{"embeddable":true,"href":"https:\/\/pcce.com.ar\/pcce\/wp-json\/wp\/v2\/users\/1"}],"replies":[{"embeddable":true,"href":"https:\/\/pcce.com.ar\/pcce\/wp-json\/wp\/v2\/comments?post=25886"}],"version-history":[{"count":0,"href":"https:\/\/pcce.com.ar\/pcce\/wp-json\/wp\/v2\/posts\/25886\/revisions"}],"wp:featuredmedia":[{"embeddable":true,"href":"https:\/\/pcce.com.ar\/pcce\/wp-json\/wp\/v2\/media\/25897"}],"wp:attachment":[{"href":"https:\/\/pcce.com.ar\/pcce\/wp-json\/wp\/v2\/media?parent=25886"}],"wp:term":[{"taxonomy":"category","embeddable":true,"href":"https:\/\/pcce.com.ar\/pcce\/wp-json\/wp\/v2\/categories?post=25886"},{"taxonomy":"post_tag","embeddable":true,"href":"https:\/\/pcce.com.ar\/pcce\/wp-json\/wp\/v2\/tags?post=25886"}],"curies":[{"name":"wp","href":"https:\/\/api.w.org\/{rel}","templated":true}]}}