{"id":2589,"date":"2018-01-04T15:13:27","date_gmt":"2018-01-04T18:13:27","guid":{"rendered":"https:\/\/pcce.com.ar\/pcce\/?p=2589"},"modified":"2020-07-01T18:28:27","modified_gmt":"2020-07-01T21:28:27","slug":"declaracion-politica-del-pcce-100-anos-de-lucha-un-partido-para-la-liberacion-y-el-socialismo","status":"publish","type":"post","link":"https:\/\/pcce.com.ar\/pcce\/2018\/01\/04\/declaracion-politica-del-pcce-100-anos-de-lucha-un-partido-para-la-liberacion-y-el-socialismo\/","title":{"rendered":"DECLARACI\u00d3N POL\u00cdTICA DEL PCCE. 100 a\u00f1os de lucha: Un Partido para la liberaci\u00f3n y el socialismo"},"content":{"rendered":"<h4><b>DECLARACI\u00d3N POL\u00cdTICA DEL PCCE<\/b><\/h4>\n<h1>100 a\u00f1os de lucha: Un Partido para la liberaci\u00f3n y el socialismo.<\/h1>\n<p><img loading=\"lazy\" decoding=\"async\" class=\"alignnone size-full\" src=\"https:\/\/pcce.com.ar\/pcce\/wp-content\/uploads\/2016\/02\/26553327_1502749283107690_1014795287_n.jpg\" width=\"382\" height=\"480\" \/><\/p>\n<p>Este 6 de enero conmemoramos los 100 a\u00f1os de la fundaci\u00f3n de nuestro querido Partido Comunista. A nuestro entender, uno de los acontecimientos m\u00e1s significativos de la historia de las luchas del Siglo XX.\u00a0<b>Generaciones enteras de comunistas dedicaron sus vidas al objetivo estrat\u00e9gico de la liberaci\u00f3n nacional y social y el camino argentino al socialismo.<\/b>\u00a0Lo hicieron al calor de la construcci\u00f3n de un Partido que fue escuela de hero\u00edsmo, gran parte de cuya existencia (hoy centenaria) transcurri\u00f3 en condiciones adversas, entre clandestinidad, persecuci\u00f3n y proscripci\u00f3n.<\/p>\n<p class=\"x_m-1954100763773049036msonospacing\"><span lang=\"ES-TRAD\">El proceso fundacional estuvo precedido de varios a\u00f1os de intenso debate en las filas del Partido Socialista en torno a la actitud frente a la Primera Guerra Mundial interimperialista. <b>Bajo el influjo del marxismo-leninismo, un grupo de j\u00f3venes entre los que se destacaban Victorio Codovilla, Rodolfo Ghioldi y Luis Emilio Recabarren<\/b>, se alz\u00f3 contra la guerra y la traici\u00f3n de las dirigencias claudicantes de la II Internacional. El desenlace ser\u00eda el Congreso del 6 de enero de 1918 en La Verdi del barrio porte\u00f1o de La Boca, en el que se constituy\u00f3 el Partido Socialista Internacional, nombre inicial de nuestro Partido, que adoptar\u00eda el nombre de Partido Comunista en 1921. El 12 de abril de ese mismo a\u00f1o nac\u00eda nuestra gloriosa Federaci\u00f3n Juvenil Comunista (FJC), cuyo dirigente m\u00e1s emblem\u00e1tico, Jorge Calvo, fue asesinado en 1950 por bandas fascistas.<\/span><\/p>\n<p class=\"x_m-1954100763773049036msonospacing\"><b><span lang=\"ES-TRAD\">El nuevo partido atravesar\u00eda una d\u00e9cada de fuerte lucha ideol\u00f3gica (se la denomin\u00f3 de \u201cbolchevizaci\u00f3n\u201d) en pos de asimilar el leninismo y una interpretaci\u00f3n cient\u00edfica de la realidad argentina y latinoamericana.<\/span><\/b><span lang=\"ES-TRAD\">\u00a0Fue en su VIII Congreso de 1928, cuando el Partido Comunista defini\u00f3 su primera caracterizaci\u00f3n de la estructura econ\u00f3mico-social argentina como pa\u00eds capitalista dependiente con resabios feudales, as\u00ed como el car\u00e1cter de la revoluci\u00f3n necesaria: democr\u00e1tica, antiolig\u00e1rquica y antiimperialista con vistas al socialismo.<\/span><\/p>\n<p class=\"x_m-1954100763773049036msonospacing\"><b><span lang=\"ES-TRAD\">En aquellos primeros a\u00f1os comenzar\u00eda a gestarse un atributo que resultar\u00eda esencial en la vida de nuestro Partido: el internacionalismo proletario.<\/span><\/b><span lang=\"ES-TRAD\">\u00a0Primero con la solidaridad hacia la naciente Uni\u00f3n Sovi\u00e9tica, agredida por 14 potencias extranjeras. Luego con Sandino en 1928, con la Rep\u00fablica Espa\u00f1ola, con el Ej\u00e9rcito Rojo y el pueblo sovi\u00e9tico durante la Segunda Guerra Mundial, con el heroico pueblo de Vietnam, con la Revoluci\u00f3n Cubana, contra el env\u00edo de tropas a Corea, en Santo Domingo contra la invasi\u00f3n, con la Revoluci\u00f3n Sandinista, con el FMLN salvadore\u00f1o, por mencionar s\u00f3lo algunas de las imborrables experiencias que son motivo de orgullo y marca fundamental de nuestra identidad. El ejercicio consecuente del internacionalismo tambi\u00e9n se expres\u00f3 hacia el conjunto de los Partidos Comunistas hermanos, fundamentalmente de Am\u00e9rica Latina.<\/span><\/p>\n<p class=\"x_m-1954100763773049036msonospacing\"><b><span lang=\"ES-TRAD\">El enfoque de clase de los comunistas constituy\u00f3 un aporte al movimiento sindical argentino: fundamos gremios principales de la historia del movimiento obrero.<\/span><\/b><span lang=\"ES-TRAD\">\u00a0Es el caso de la Uni\u00f3n Obrera Metal\u00fargica (UOM), la Asociaci\u00f3n Obrera Textil, el Sindicato de la Carne, el de la Construcci\u00f3n, de los madereros, entre otros. Logramos dirigir una de las centrales de trabajadores que ser\u00eda parte constitutiva de la CGT. Destacados dirigentes sindicales integraron nuestras filas, hombres y mujeres, siempre respetados por su combatividad, sacrificio y disposici\u00f3n a poner el cuerpo. En democracia o en dictadura.<\/span><\/p>\n<p class=\"x_m-1954100763773049036msonospacing\"><b><span lang=\"ES-TRAD\">En octubre de 1946 <\/span><\/b><span lang=\"ES-TRAD\">(6 meses despu\u00e9s de la asunci\u00f3n del General Per\u00f3n)\u00a0<b>se realiza el XI Congreso del Partido Comunista<\/b>, que en las elecciones de febrero hab\u00eda participado en los marcos de la Uni\u00f3n Democr\u00e1tica. Bajo el impulso fundamental de Victorio Codovilla, se llama a analizar el nuevo escenario pol\u00edtico, y en particular\u00a0<b>a trabajar por las reivindicaciones comunes junto a las masas peronistas.<\/b>\u00a0El Partido resuelve respaldar el Primer Plan Quinquenal y la primera Campa\u00f1a contra la Carest\u00eda de la Vida. Se inicia all\u00ed un camino, una pr\u00e1ctica pol\u00edtica que es parte esencial de la l\u00ednea hist\u00f3rica de nuestro Partido. Comunistas y peronistas confluir\u00edamos en los movimientos de masas, en las mismas luchas y en las mismas c\u00e1rceles. Cuando el golpe del \u201955 contra Per\u00f3n, una parte importante del Partido se moviliz\u00f3 hasta las puertas de la CGT a pedir armas para defender al gobierno constitucional. En aquellas circunstancias es asesinado y desaparecido en Rosario el destacado dirigente comunista Juan Ingallinella.<\/span><\/p>\n<p class=\"x_m-1954100763773049036msonospacing\"><span lang=\"ES-TRAD\">En tiempos de la resistencia a la \u201cFusiladora\u201d, el camarada Codovilla insiste con la l\u00ednea de la unidad frentista con el peronismo. En marzo de 1962, el Partido decide apoyar las listas de Unidad Popular encabezadas por Andr\u00e9s Framini, que arrasa en la provincia de Buenos Aires. En julio del mismo a\u00f1o, el camarada Victorio presenta su informe al CC denominado \u201cSignificado del \u2018giro a la izquierda\u2019 del peronismo\u201d. <b>Este enfoque abrir\u00eda el camino al XII Congreso del PC (1963) en el que Codovilla plantea la necesidad de un Partido \u00danico de la Revoluci\u00f3n\u00a0<\/b>conformado por peronistas, comunistas y los socialistas de izquierda de entonces<b>.\u00a0<\/b>En ese marco se convoca a construir comandos unitarios entre comunistas y peronistas. \u201cOmisiones\u201d que la historia oficial se ocup\u00f3 de ocultar cuidadosamente.<\/span><\/p>\n<p class=\"x_m-1954100763773049036msonospacing\"><span lang=\"ES-TRAD\">Bajo este influjo es que despunta nuestro querido Jorge Pereyra, por entonces dirigente de la Fede, que juega un rol fundamental en la reconstrucci\u00f3n de la juventud comunista luego de la escisi\u00f3n promovida por sectores mao\u00edstas en 1967. <b>En 1974 Jorge es electo Secretario General de la FJC, y desde all\u00ed se impulsa la creaci\u00f3n de centenares de coordinadoras de juventudes pol\u00edticas en todo el pa\u00eds, con la JP y la Fede como principales protagonistas.<\/b>\u00a0Eran tiempos de las AAA y la \u00faltima dictadura c\u00edvico &#8211; militar, donde cientos de nuestros militantes fueron encarcelados, torturados y desaparecidos.<\/span><\/p>\n<p class=\"x_m-1954100763773049036msonospacing\"><b><span lang=\"ES-TRAD\">El XVI Congreso de 1986 ser\u00eda otro acontecimiento importante en la historia de nuestro Partido<\/span><\/b><span lang=\"ES-TRAD\">: un hecho pol\u00edtico sin precedentes por su car\u00e1cter autocr\u00edtico y el intento de reafirmaci\u00f3n y proyecci\u00f3n de la l\u00ednea del frentismo de liberaci\u00f3n.<\/span><\/p>\n<p class=\"x_m-1954100763773049036msonospacing\"><b><span lang=\"ES-TRAD\">A poco andar, sin embargo, la mayor\u00eda circunstancial encabezada por Patricio Echegaray en el Comit\u00e9 Central del Partido lo condujo a un proceso err\u00e1tico<\/span><\/b><span lang=\"ES-TRAD\">, con vaivenes a diestra y siniestra, entre el trotskismo y la socialdemocracia, con la l\u00ednea confusa de la \u201cunidad de la izquierda\u201d que llev\u00f3 al Partido al l\u00edmite de su liquidaci\u00f3n.\u00a0<b>Fue entonces que buena parte del Partido, con Jorge Pereyra al frente, propuso el debate de la l\u00ednea y la defensa del Partido en un Congreso Extraordinario<\/b>: la discusi\u00f3n era \u201cunidad de la izquierda\u201d o frentismo de liberaci\u00f3n.<\/span><\/p>\n<p class=\"x_m-1954100763773049036msonospacing\"><span lang=\"ES-TRAD\">La respuesta fue de o\u00eddos sordos y expulsiones a mansalva, por lo que, agotadas las instancias org\u00e1nicas,\u00a0<b>relanzamos Nuestra Palabra en 1994 y convocamos al Congreso Extraordinario de 1996, donde dimos nacimiento al PCCE.<\/b>\u00a0 \u00a0\u00a0\u00a0\u00a0<\/span><\/p>\n<p class=\"x_m-1954100763773049036msonospacing\"><span lang=\"ES-TRAD\">La crisis de 2001 nos encontr\u00f3 afirmados en el enfoque frentista, y <b>el emerger de N\u00e9stor Kirchner nos tuvo entre los primeros en respaldarlo, concientes de que se abr\u00eda una nueva perspectiva hist\u00f3rica para la Patria.<\/b>\u00a0Fue as\u00ed que desde un principio adherimos al Frente para la Victoria y al kirchnerismo como manifestaci\u00f3n de un nuevo movimiento hist\u00f3rico nacional llamado a superar falsas antinomias del pasado y abrir caminos nuevos de unidad popular para la liberaci\u00f3n nacional y social.<\/span><\/p>\n<p class=\"x_m-1954100763773049036msonospacing\"><b><span lang=\"ES-TRAD\">Hoy, esta nueva etapa de resistencia al neoliberalismo, nos encuentra a los comunistas en Unidad Ciudadana, reconociendo el liderazgo y conducci\u00f3n de la compa\u00f1era Cristina<\/span><\/b><span lang=\"ES-TRAD\">, construyendo unidad en todos los campos con los compa\u00f1eros peronistas y de otras expresiones del campo popular. Siempre afirmando nuestra identidad hist\u00f3rica, nuestra ideolog\u00eda marxista-leninista y la l\u00ednea del frentismo de liberaci\u00f3n.<\/span><\/p>\n<p class=\"x_m-1954100763773049036msonospacing\"><span lang=\"ES-TRAD\">Es por eso que a 100 a\u00f1os de nuestra fundaci\u00f3n, hoy y en las luchas por venir,<b>los comunistas del PCCE nos reivindicamos como leg\u00edtimos herederos del 6 de enero de 1918, de las mejores tradiciones del Partido Comunista de la Argentina, de Jorge Pereyra y de Victorio Codovilla.<\/b><\/span><\/p>\n","protected":false},"excerpt":{"rendered":"<p>DECLARACI\u00d3N POL\u00cdTICA DEL PCCE 100 a\u00f1os de lucha: Un Partido para la liberaci\u00f3n y el socialismo. Este 6 de enero conmemoramos los 100 a\u00f1os de la fundaci\u00f3n de nuestro querido Partido Comunista. A nuestro entender, uno de los acontecimientos m\u00e1s significativos de la historia de las luchas del Siglo XX.\u00a0Generaciones enteras de comunistas dedicaron sus [&hellip;]<\/p>\n","protected":false},"author":1,"featured_media":3992,"comment_status":"closed","ping_status":"closed","sticky":false,"template":"","format":"standard","meta":{"tdm_status":"","tdm_grid_status":"","footnotes":""},"categories":[21,4,40],"tags":[],"class_list":["post-2589","post","type-post","status-publish","format-standard","has-post-thumbnail","hentry","category-editorial","category-featured","category-historia-del-pcce"],"_links":{"self":[{"href":"https:\/\/pcce.com.ar\/pcce\/wp-json\/wp\/v2\/posts\/2589","targetHints":{"allow":["GET"]}}],"collection":[{"href":"https:\/\/pcce.com.ar\/pcce\/wp-json\/wp\/v2\/posts"}],"about":[{"href":"https:\/\/pcce.com.ar\/pcce\/wp-json\/wp\/v2\/types\/post"}],"author":[{"embeddable":true,"href":"https:\/\/pcce.com.ar\/pcce\/wp-json\/wp\/v2\/users\/1"}],"replies":[{"embeddable":true,"href":"https:\/\/pcce.com.ar\/pcce\/wp-json\/wp\/v2\/comments?post=2589"}],"version-history":[{"count":0,"href":"https:\/\/pcce.com.ar\/pcce\/wp-json\/wp\/v2\/posts\/2589\/revisions"}],"wp:featuredmedia":[{"embeddable":true,"href":"https:\/\/pcce.com.ar\/pcce\/wp-json\/wp\/v2\/media\/3992"}],"wp:attachment":[{"href":"https:\/\/pcce.com.ar\/pcce\/wp-json\/wp\/v2\/media?parent=2589"}],"wp:term":[{"taxonomy":"category","embeddable":true,"href":"https:\/\/pcce.com.ar\/pcce\/wp-json\/wp\/v2\/categories?post=2589"},{"taxonomy":"post_tag","embeddable":true,"href":"https:\/\/pcce.com.ar\/pcce\/wp-json\/wp\/v2\/tags?post=2589"}],"curies":[{"name":"wp","href":"https:\/\/api.w.org\/{rel}","templated":true}]}}