{"id":25891,"date":"2025-06-06T10:59:29","date_gmt":"2025-06-06T13:59:29","guid":{"rendered":"https:\/\/pcce.com.ar\/pcce\/?p=25891"},"modified":"2025-06-06T10:59:29","modified_gmt":"2025-06-06T13:59:29","slug":"la-razon-de-ser-de-los-comunistas-por-que-luchamos","status":"publish","type":"post","link":"https:\/\/pcce.com.ar\/pcce\/2025\/06\/06\/la-razon-de-ser-de-los-comunistas-por-que-luchamos\/","title":{"rendered":"LA RAZ\u00d3N DE SER DE LOS COMUNISTAS: Por qu\u00e9 luchamos"},"content":{"rendered":"<h4 class=\"p1\"><span class=\"s1\">LA RAZ\u00d3N DE SER DE LOS COMUNISTAS<\/span><\/h4>\n<h1 class=\"p1\"><span class=\"s1\">Por qu\u00e9 luchamos<\/span><\/h1>\n<p class=\"p1\"><span class=\"s1\">Hace un par de a\u00f1os a algunos j\u00f3venes militantes del Partido les preguntaron en qu\u00e9 pensaban cuando dec\u00edan \u201cPartido\u201d. Los j\u00f3venes, recordando su propia experiencia y la de parientes o conocidos comunistas de generaciones anteriores, abundaron en cosas tales como la abnegaci\u00f3n, la disposici\u00f3n a jugarse la vida, el hero\u00edsmo, la constancia, la honestidad, la convicci\u00f3n, en que ser comunista es una elecci\u00f3n de forma de vida, la solidaridad y la lucha.<\/span><\/p>\n<p class=\"p1\"><span class=\"s1\">Sin embargo, la historia y el mundo han visto a millones y millones de seres humanos que cumplen con creces con esas cualidades: cristianos, jud\u00edos, musulmanes, ateos, peronistas, miembros de ONGs, militantes de iglesias y cultos, m\u00e9dicos, abogados, ingenieros, laburantes, cartoneros. Con las m\u00e1s variadas motivaciones y en los lugares m\u00e1s remotos, much\u00edsimos han dado la vida incluso por defender sus convicciones y a sus cong\u00e9neres.<\/span><\/p>\n<p class=\"p1\"><span class=\"s1\">\u00bfPor qu\u00e9, entonces, ser comunista y no cualquiera de las otras cosas posibles? Es una pregunta sobre la raz\u00f3n de ser del Partido Comunista, hoy PCCE.<\/span><\/p>\n<p class=\"p1\"><span class=\"s1\">El Partido se concibe a s\u00ed mismo como la herramienta de la clase trabajadora para terminar con la explotaci\u00f3n capitalista. Fundamenta esa concepci\u00f3n en la teor\u00eda del materialismo dial\u00e9ctico, el marxismo, y basa su organizaci\u00f3n en las premisas del leninismo, que con el partido bolchevique dio cima por primera vez a la tarea fundamental de la clase: la conquista del poder pol\u00edtico. Luego lo seguir\u00edan otros, siendo hoy el m\u00e1s destacado, por obvias razones, el Partido Comunista de China.<\/span><\/p>\n<p class=\"p1\"><span class=\"s1\">Nuestro Partido es un partido para la acci\u00f3n y su objetivo es la conquista del poder por la clase trabajadora. El partido materializa la uni\u00f3n de las ideas del socialismo cient\u00edfico con la acci\u00f3n de las masas populares.<\/span><\/p>\n<p class=\"p1\"><span class=\"s1\">En la Argentina, un pa\u00eds f\u00e9rreamente atado al carro imperialista por miles de lazos invisibles -econ\u00f3micos, pol\u00edticos y de todo tipo-, esa lucha implica adem\u00e1s la lucha por la Liberaci\u00f3n Nacional, la independencia de los centros de poder del capital financiero transnacional y su gendarme mayor, el imperialismo yanqui.<\/span><\/p>\n<p class=\"p1\"><span class=\"s1\">Por eso nuestro objetivo es la construcci\u00f3n de un ampl\u00edsimo Frente de Liberaci\u00f3n Nacional y Social, donde est\u00e9n todas las fuerzas que se conciben revolucionarias o populares, en unidad fraterna y debate constante sobre cu\u00e1les son los mejores caminos para la consecuci\u00f3n de sus objetivos, que son fundacionales y no solo electorales. Las elecciones pueden ayudar a avanzar hacia objetivo final, pero siguen siendo elecciones en el seno de una democracia viciada cooptada hoy en buena parte de sus tres poderes por la parte m\u00e1s inescrupulosa de ese capital financiero trasnacional en su lucha a muerte por sobrevivir la creciente potencia del bloque de los BRICS, con China a la cabeza.<\/span><\/p>\n<p class=\"p1\"><span class=\"s1\">En aras de retrasar todo lo posible su segura derrota, y habiendo ya asegurado en mayor o menor medida un colch\u00f3n intermedio convirtiendo a Europa en colonia dependiente, el imperialismo busca aferrarse con u\u00f1as y dientes a su retaguardia, a lo que considera su patio trasero: el continente latinoamericano.<\/span><\/p>\n<p class=\"p1\"><span class=\"s1\">Eso para nuestra patria significa m\u00e1s penurias y m\u00e1s riesgo de desaparici\u00f3n si Milei y su banda de cipayos contin\u00faan sin freno en la aplicaci\u00f3n de sus planes.<\/span><\/p>\n<p class=\"p1\"><span class=\"s1\">La Argentina no es una presa que puedan dejar escapar, m\u00e1s teniendo en cuenta que estuvimos a semanas de pasar a integrar como miembros plenos los BRICS.<\/span><\/p>\n<p class=\"p1\"><span class=\"s1\">Ya controlan m\u00e1s de la mitad de nuestra producci\u00f3n a trav\u00e9s de sus multinacionales, ya avanzaron en el norte, con fuerzas militares yanquis tomando injerencia directa en el r\u00edo Paran\u00e1, se proponen tomar control de la conexi\u00f3n interoce\u00e1nica al sur de la patria en Ushuaia, ahora se dice que se van a retirar del Pacto Ant\u00e1rtico, con lo que seguramente buscar\u00e1n tomar control del continente blanco para explotar todo lo que se pueda explotar. Ya avanzan con su objetivo de explotaci\u00f3n minera en aguas internacionales fuera de su jurisdicci\u00f3n y as\u00ed de seguido.<\/span><\/p>\n<p class=\"p1\"><span class=\"s1\">Quien crea que en estas elecciones legislativas solo se dirimen peque\u00f1as escaramuzas entre Milei y Macri o que se confrontan egos personales de Axel o Cristina, deber\u00edan mirar m\u00e1s de lejos (para ver el panorama completo).<\/span><\/p>\n<p class=\"p1\"><span class=\"s1\">El desaf\u00edo, para los comunistas, es iluminar y mostrar los hilos que unen los problemas cotidianos (la falta de empleo, la insuficiencia de los salarios cuando hay empleo, las dificultades para acceder a los servicios b\u00e1sicos y de seguridad, educaci\u00f3n y salud) con esos problemas de fondo. Participar en cada lucha por mejorar nuestra propia vida, que es la lucha de todos, pero al mismo tiempo teniendo presente siempre la ligaz\u00f3n intr\u00ednseca entre esos problemas y la supervivencia de un sistema en el que esas carencias no son fallas sino parte de su esencia. Que el camino a la soluci\u00f3n definitiva de los problemas b\u00e1sicos de cada generaci\u00f3n de laburantes pasa por sacudirse el yugo imperialista y junto con \u00e9l, el yugo de la explotaci\u00f3n capitalista. Ese es el bagaje que los comunistas aportamos a la unidad m\u00e1s amplia del campo nacional y popular, sabiendo que solo cuando sea patrimonio de una mayor\u00eda de los trabajadores podr\u00e1 llevarse a la pr\u00e1ctica.<\/span><\/p>\n<p class=\"p1\"><span class=\"s1\">Hoy, como dice la compa\u00f1era Cristina, necesitamos revisar muchos aspectos del funcionamiento de las representaciones en nuestra patria, para lo cual, como tambi\u00e9n hemos dicho anteriormente, es fundamental una reforma constitucional que nos devuelva, como m\u00ednimo, a la de 1949.<\/span><\/p>\n<p class=\"p1\"><span class=\"s1\">Pero para producir y sostener esos cambios ser\u00e1 necesaria una enorme fuerza popular organizada y movilizada por \u201cabajo\u201d, en cada barrio, en cada empresa, en cada f\u00e1brica, en cada colegio, en cada territorio. Para defenderla activamente cuando nuevamente quienes hoy gobiernan y sus verdaderos mandantes vengan a intentar ponernos de rodillas.<\/span><\/p>\n","protected":false},"excerpt":{"rendered":"<p>LA RAZ\u00d3N DE SER DE LOS COMUNISTAS Por qu\u00e9 luchamos Hace un par de a\u00f1os a algunos j\u00f3venes militantes del Partido les preguntaron en qu\u00e9 pensaban cuando dec\u00edan \u201cPartido\u201d. Los j\u00f3venes, recordando su propia experiencia y la de parientes o conocidos comunistas de generaciones anteriores, abundaron en cosas tales como la abnegaci\u00f3n, la disposici\u00f3n a [&hellip;]<\/p>\n","protected":false},"author":1,"featured_media":25907,"comment_status":"closed","ping_status":"closed","sticky":false,"template":"","format":"standard","meta":{"tdm_status":"","tdm_grid_status":"","footnotes":""},"categories":[17,4],"tags":[],"class_list":["post-25891","post","type-post","status-publish","format-standard","has-post-thumbnail","hentry","category-contratapa","category-featured"],"_links":{"self":[{"href":"https:\/\/pcce.com.ar\/pcce\/wp-json\/wp\/v2\/posts\/25891","targetHints":{"allow":["GET"]}}],"collection":[{"href":"https:\/\/pcce.com.ar\/pcce\/wp-json\/wp\/v2\/posts"}],"about":[{"href":"https:\/\/pcce.com.ar\/pcce\/wp-json\/wp\/v2\/types\/post"}],"author":[{"embeddable":true,"href":"https:\/\/pcce.com.ar\/pcce\/wp-json\/wp\/v2\/users\/1"}],"replies":[{"embeddable":true,"href":"https:\/\/pcce.com.ar\/pcce\/wp-json\/wp\/v2\/comments?post=25891"}],"version-history":[{"count":0,"href":"https:\/\/pcce.com.ar\/pcce\/wp-json\/wp\/v2\/posts\/25891\/revisions"}],"wp:featuredmedia":[{"embeddable":true,"href":"https:\/\/pcce.com.ar\/pcce\/wp-json\/wp\/v2\/media\/25907"}],"wp:attachment":[{"href":"https:\/\/pcce.com.ar\/pcce\/wp-json\/wp\/v2\/media?parent=25891"}],"wp:term":[{"taxonomy":"category","embeddable":true,"href":"https:\/\/pcce.com.ar\/pcce\/wp-json\/wp\/v2\/categories?post=25891"},{"taxonomy":"post_tag","embeddable":true,"href":"https:\/\/pcce.com.ar\/pcce\/wp-json\/wp\/v2\/tags?post=25891"}],"curies":[{"name":"wp","href":"https:\/\/api.w.org\/{rel}","templated":true}]}}