{"id":25919,"date":"2025-07-03T17:04:41","date_gmt":"2025-07-03T20:04:41","guid":{"rendered":"https:\/\/pcce.com.ar\/pcce\/?p=25919"},"modified":"2025-07-03T17:04:41","modified_gmt":"2025-07-03T20:04:41","slug":"en-cada-lucha-cristina-libre","status":"publish","type":"post","link":"https:\/\/pcce.com.ar\/pcce\/2025\/07\/03\/en-cada-lucha-cristina-libre\/","title":{"rendered":"EN CADA LUCHA: Cristina Libre"},"content":{"rendered":"<h4>EN CADA LUCHA<\/h4>\n<h1>Cristina Libre<\/h1>\n<p>Cristina fue la primera en denunciar la judicializaci\u00f3n de la pol\u00edtica como instrumento de la derecha contra los l\u00edderes progresistas de Am\u00e9rica Latina. Desde el martes 10 de junio, se ha convertido en otra de las v\u00edctimas del lawfare, cuando el triunvirato Supremo ratific\u00f3 las penas confirmadas hace un a\u00f1o por la C\u00e1mara Federal de Casaci\u00f3n Penal que la condenan a seis a\u00f1os de prisi\u00f3n e inhabilitaci\u00f3n para ocupar cargos p\u00fablicos de por vida.<br \/>\nLo que sucede en nuestro pa\u00eds no es una excepci\u00f3n, sino parte de una secuencia regional. De Hugo Ch\u00e1vez en Venezuela a Lula, pasando por Fernando Lugo, Rafael Correa, Evo Morales, Dilma Rousseff, Jorge Glas, etc., se trata de derribar a quienes encarnan proyectos de soberan\u00eda, unidad regional y justicia social.<br \/>\nHacia el final del segundo mandato de Cristina, la virulencia de la derecha y la violencia recrudeci\u00f3. A solo meses de iniciado el gobierno de Macri comenz\u00f3 el sistem\u00e1tico asedio judicial con m\u00e1s de 12 causas armadas por los medios y la imaginaci\u00f3n de jueces y fiscales de Comodoro Py. En 2017 tuvo lugar el ataque a la residencia de Alicia Kirchner en R\u00edo Gallegos, donde estaba Cristina. En marzo del 22 apedrearon la ventana de su despacho en el Congreso y el primer d\u00eda de septiembre de ese mismo a\u00f1o, realizaron el atentado contra su vida, en el que un lumpen le gatill\u00f3 en la cabeza dos veces, despu\u00e9s de cercarla con vallas y polic\u00edas de la Ciudad.<br \/>\nLa compa\u00f1era es objeto de persecuci\u00f3n judicial y medi\u00e1tica desde hace a\u00f1os. Solo que ahora, por primera vez, una de las varias sentencias que planean sobre ella, se ha hecho firme. La causa conocida como Vialidad fue seleccionada como eje de una operaci\u00f3n cuidadosamente orquestada y ha seguido minuciosamente la agenda electoral. En ella confluyeron fiscales militantes, jueces vinculados al macrismo, medios hegem\u00f3nicos que montaron climas de condena anticipada, plataformas digitales que amplificaron el odio y la desinformaci\u00f3n. Con graves irregularidades y sin ninguna prueba, se neg\u00f3 el peritaje integral de las obras viales, se rechaz\u00f3 la recusaci\u00f3n por v\u00ednculos probados con actores pol\u00edticos, y la Corte Suprema ni siquiera abri\u00f3 la instancia de revisi\u00f3n.<br \/>\nCristina no ha dejado de denunciar el brutal endeudamiento con el FMI, impulsado durante el gobierno de Macri, y profundizado por Milei. El costo de esa coherencia pol\u00edtica y de su decisivo rol como figura central de la pol\u00edtica ha sido alt\u00edsimo: la condena, la inhabilitaci\u00f3n, el intento de asesinato. A horas de conocerse la condena, Cristina expres\u00f3: \u201cEsta Argentina en la que estamos viviendo no deja de sorprendernos. Al cepo del salario que ha puesto el gobierno de Javier Milei, ahora el partido judicial le agrega el cepo al voto popular\u201d.<br \/>\nEl partido judicial proscribi\u00f3 a la dos veces presidenta y lo hizo con la urgencia que le ped\u00eda el gobierno, el poder econ\u00f3mico y sus medios hegem\u00f3nicos de comunicaci\u00f3n. Fallaron en su intento de asesinarla f\u00edsicamente, ahora intentan hacerlo pol\u00edticamente. No basta con la proscripci\u00f3n: ah\u00ed est\u00e1 el coro medi\u00e1tico que se indigna por el balc\u00f3n y los presuntos privilegios, a la par que ignoran los que gozan represores y genocidas. Ah\u00ed est\u00e1n nuevamente los fiscales Luciani y Mola pidiendo c\u00e1rcel efectiva o reclusi\u00f3n domiciliaria en la Base Marambio o en el planeta Marte.<br \/>\nSu condena tuvo una respuesta r\u00e1pida y el pueblo sali\u00f3 a la calle en su defensa, de la democracia y de la Patria misma. Tuvo el efecto de multiplicar la movilizaci\u00f3n con la presencia popular permanente frente al domicilio de Cristina y en los actos por su liberaci\u00f3n. En el multitudinario acto que se realiz\u00f3 en Plaza de Mayo casi sin tiempo de preparaci\u00f3n, el discurso de Cristina sobrevol\u00f3 r\u00e1pidamente sobre la condena y la persecuci\u00f3n contra su persona. Y se centr\u00f3 en dos ejes: la crisis del modelo econ\u00f3mico, que constituye el presente que se debe combatir, y la propuesta de futuro con la voluntad militante del \u201cvamos a volver\u201d.<br \/>\nCon la alegr\u00eda de la lucha, el pueblo escuch\u00f3 sus mensajes, su voz sobrevol\u00f3 las plazas, nos inst\u00f3 a organizarnos para una carrera de fondo, aquella en que se impone quien m\u00e1s resiste \u201cJunten codo con codo, fuerza con fuerza, brazo con brazo, porque tenemos raz\u00f3n. La raz\u00f3n nuestra es la raz\u00f3n de los pueblos, que se niegan a ser arrasados y tambi\u00e9n una patria que se niega a ser colonia. As\u00ed que compatriotas, como siempre, con firmeza y con mucho trabajo, siempre tirando para adelante. Siempre.\u201d<br \/>\nPresa por mandato del imperialismo y sus c\u00f3mplices locales por haber combatido frontalmente contra su pol\u00edtica neoliberal de dependencia y depredaci\u00f3n de nuestra soberan\u00eda. Presa para disciplinar a la dirigencia pol\u00edtica, para que nadie m\u00e1s atreva a redistribuir la riqueza y construir un camino de soberan\u00eda e independencia. Defender a Cristina, es defender la democracia, es defender la lucha por una patria justa, libre y soberana.<\/p>\n","protected":false},"excerpt":{"rendered":"<p>EN CADA LUCHA Cristina Libre Cristina fue la primera en denunciar la judicializaci\u00f3n de la pol\u00edtica como instrumento de la derecha contra los l\u00edderes progresistas de Am\u00e9rica Latina. Desde el martes 10 de junio, se ha convertido en otra de las v\u00edctimas del lawfare, cuando el triunvirato Supremo ratific\u00f3 las penas confirmadas hace un a\u00f1o [&hellip;]<\/p>\n","protected":false},"author":1,"featured_media":25929,"comment_status":"closed","ping_status":"closed","sticky":false,"template":"","format":"standard","meta":{"tdm_status":"","tdm_grid_status":"","footnotes":""},"categories":[4,19],"tags":[],"class_list":["post-25919","post","type-post","status-publish","format-standard","has-post-thumbnail","hentry","category-featured","category-pagina2"],"_links":{"self":[{"href":"https:\/\/pcce.com.ar\/pcce\/wp-json\/wp\/v2\/posts\/25919","targetHints":{"allow":["GET"]}}],"collection":[{"href":"https:\/\/pcce.com.ar\/pcce\/wp-json\/wp\/v2\/posts"}],"about":[{"href":"https:\/\/pcce.com.ar\/pcce\/wp-json\/wp\/v2\/types\/post"}],"author":[{"embeddable":true,"href":"https:\/\/pcce.com.ar\/pcce\/wp-json\/wp\/v2\/users\/1"}],"replies":[{"embeddable":true,"href":"https:\/\/pcce.com.ar\/pcce\/wp-json\/wp\/v2\/comments?post=25919"}],"version-history":[{"count":0,"href":"https:\/\/pcce.com.ar\/pcce\/wp-json\/wp\/v2\/posts\/25919\/revisions"}],"wp:featuredmedia":[{"embeddable":true,"href":"https:\/\/pcce.com.ar\/pcce\/wp-json\/wp\/v2\/media\/25929"}],"wp:attachment":[{"href":"https:\/\/pcce.com.ar\/pcce\/wp-json\/wp\/v2\/media?parent=25919"}],"wp:term":[{"taxonomy":"category","embeddable":true,"href":"https:\/\/pcce.com.ar\/pcce\/wp-json\/wp\/v2\/categories?post=25919"},{"taxonomy":"post_tag","embeddable":true,"href":"https:\/\/pcce.com.ar\/pcce\/wp-json\/wp\/v2\/tags?post=25919"}],"curies":[{"name":"wp","href":"https:\/\/api.w.org\/{rel}","templated":true}]}}