{"id":25920,"date":"2025-07-03T17:06:41","date_gmt":"2025-07-03T20:06:41","guid":{"rendered":"https:\/\/pcce.com.ar\/pcce\/?p=25920"},"modified":"2025-07-03T17:06:41","modified_gmt":"2025-07-03T20:06:41","slug":"las-condiciones-para-la-lucha-crisis-economica-y-tragedia-social","status":"publish","type":"post","link":"https:\/\/pcce.com.ar\/pcce\/2025\/07\/03\/las-condiciones-para-la-lucha-crisis-economica-y-tragedia-social\/","title":{"rendered":"LAS CONDICIONES PARA LA LUCHA: Crisis econ\u00f3mica y tragedia social"},"content":{"rendered":"<p>LAS CONDICIONES PARA LA LUCHA<\/p>\n<h1>Crisis econ\u00f3mica y tragedia social<\/h1>\n<p>La concreci\u00f3n de la detenci\u00f3n de la compa\u00f1era Cristina a partir de una resoluci\u00f3n de la cabeza de la mafia judicial evidencia en primer lugar que estamos frente a un notable deterioro de las libertades p\u00fablicas y los derechos constitucionales en nuestro pa\u00eds. Tras la ca\u00edda de la \u00faltima dictadura c\u00edvico-militar, los comunistas caracterizamos como <em>democracia restringida<\/em> al nuevo estado de cosas, dentro las limitaciones propias de la democracia burguesa. Salvando las diferencias hist\u00f3ricas, hoy se reedita un escenario con muchas similitudes. En particular, por el tutelaje de las grandes transnacionales que digitan las decisiones pol\u00edticas y econ\u00f3micas en la Argentina. Por eso dijimos, desde el vamos, que el imperialismo quer\u00eda a la ex presidenta presa. Para muestra bast\u00f3 un fallo de la jueza de primera instancia de Nueva York, Loretta Preska, quien exige se le entregue el 51% de las acciones de YPF a dos fondos buitres. Cristina presa y acto seguido, un golpe colosal a nuestra soberan\u00eda, que pone en riesgo adem\u00e1s un activo estrat\u00e9gico como lo es Vaca Muerta. Huelen sangre.<br \/>\nLos yanquis vienen por nuestros recursos naturales, lo que adem\u00e1s supone la balcanizaci\u00f3n de nuestro territorio nacional. Coloniaje del siglo XXI. \u00bfDe qu\u00e9 otra forma va a pagar el gobierno la cuenta del brutal endeudamiento en d\u00f3lares, que le permite pisar el tipo de cambio y la inflaci\u00f3n \u201ccontrolada\u201d? S\u00f3lo en el mes de mayo se formaron activos en el exterior por 3.000 millones de d\u00f3lares. El <em>Messi de las finanzas<\/em> ya se patin\u00f3 algo menos de la mitad de los 12.000 millones de d\u00f3lares correspondientes al \u00faltimo desembolso del FMI, en el momento en el que se produce el pico de ingreso de divisas por la cosecha de agro. En este contexto es que el banco financiero JP Morgan recomienda a su clientela desarmar sus inversiones en pesos (salir del carry trade) y pasarlas a d\u00f3lares. \u00bfVan a poder sostener esta ficci\u00f3n hasta octubre? Mientras tanto crece el desempleo, crece la desigualdad en t\u00e9rminos de redistribuci\u00f3n del ingreso, caen los salarios (p\u00fablicos y privados) y se agudiza el derrumbe del consumo. No obstante, el INDEC informa que cay\u00f3 la pobreza. Una proeza estad\u00edstica.<br \/>\nComo campo popular tenemos dos prioridades, coherentes entre s\u00ed: la lucha frente al ajuste criminal del cipayaje que nos gobierna, y la lucha por la libertad de Cristina. Crece la presencia en la calle, en masividad y cualitativamente. La monumental movilizaci\u00f3n del pasado 18 de junio en Plaza de Mayo y alrededores es una expresi\u00f3n contundente, donde nuevamente confluyeron miles y miles de compatriotas no organizados. En simult\u00e1neo se produjo una novedad, que es la presentaci\u00f3n del Frente de Lucha por la Soberan\u00eda, el Trabajo Digno y el Salario Justo. Lo integran sindicatos (de las dos centrales), organizaciones sociales e industriales pymes. As\u00ed como en los 90 bregamos por un centro coordinador de las luchas, hoy comenzamos a observar una resistencia m\u00e1s articulada frente al saqueo y la represi\u00f3n. Es significativo adem\u00e1s en un contexto donde la conducci\u00f3n de la CGT exhibe niveles de genuflexi\u00f3n expl\u00edcita. La \u00faltima cucarda se la ganaron al asistir al Consejo de Mayo junto al jefe de gabinete, y definir desmovilizar a la convocatoria por CFK. Lo\u00a0cierto es que los laburantes de sus sindicatos s\u00ed fueron.<br \/>\nEl desaf\u00edo que tenemos es el de plantar una alternativa que permita una salida pol\u00edtica en beneficio de las mayor\u00edas cuando esto estalle pol\u00edtica, econ\u00f3mica y socialmente. En funci\u00f3n de este objetivo, es determinante el rol de Cristina y del compa\u00f1ero Axel Kicillof. El triunfo de Monteverde en Rosario, expresi\u00f3n de un armado amplio y antineoliberal, es una experiencia que ofrece lecciones.<br \/>\nEl gobierno busca seguir imponiendo una agenda distractiva, con insultos, agravios y adjetivaciones que escandalizan a algunos sectores. Es importante concentrarnos en lo principal, que es promover los conflictos y organizar la bronca.<\/p>\n","protected":false},"excerpt":{"rendered":"<p>LAS CONDICIONES PARA LA LUCHA Crisis econ\u00f3mica y tragedia social La concreci\u00f3n de la detenci\u00f3n de la compa\u00f1era Cristina a partir de una resoluci\u00f3n de la cabeza de la mafia judicial evidencia en primer lugar que estamos frente a un notable deterioro de las libertades p\u00fablicas y los derechos constitucionales en nuestro pa\u00eds. Tras la [&hellip;]<\/p>\n","protected":false},"author":1,"featured_media":25930,"comment_status":"closed","ping_status":"closed","sticky":false,"template":"","format":"standard","meta":{"tdm_status":"","tdm_grid_status":"","footnotes":""},"categories":[21,4],"tags":[],"class_list":["post-25920","post","type-post","status-publish","format-standard","has-post-thumbnail","hentry","category-editorial","category-featured"],"_links":{"self":[{"href":"https:\/\/pcce.com.ar\/pcce\/wp-json\/wp\/v2\/posts\/25920","targetHints":{"allow":["GET"]}}],"collection":[{"href":"https:\/\/pcce.com.ar\/pcce\/wp-json\/wp\/v2\/posts"}],"about":[{"href":"https:\/\/pcce.com.ar\/pcce\/wp-json\/wp\/v2\/types\/post"}],"author":[{"embeddable":true,"href":"https:\/\/pcce.com.ar\/pcce\/wp-json\/wp\/v2\/users\/1"}],"replies":[{"embeddable":true,"href":"https:\/\/pcce.com.ar\/pcce\/wp-json\/wp\/v2\/comments?post=25920"}],"version-history":[{"count":0,"href":"https:\/\/pcce.com.ar\/pcce\/wp-json\/wp\/v2\/posts\/25920\/revisions"}],"wp:featuredmedia":[{"embeddable":true,"href":"https:\/\/pcce.com.ar\/pcce\/wp-json\/wp\/v2\/media\/25930"}],"wp:attachment":[{"href":"https:\/\/pcce.com.ar\/pcce\/wp-json\/wp\/v2\/media?parent=25920"}],"wp:term":[{"taxonomy":"category","embeddable":true,"href":"https:\/\/pcce.com.ar\/pcce\/wp-json\/wp\/v2\/categories?post=25920"},{"taxonomy":"post_tag","embeddable":true,"href":"https:\/\/pcce.com.ar\/pcce\/wp-json\/wp\/v2\/tags?post=25920"}],"curies":[{"name":"wp","href":"https:\/\/api.w.org\/{rel}","templated":true}]}}