{"id":25922,"date":"2025-07-03T17:00:48","date_gmt":"2025-07-03T20:00:48","guid":{"rendered":"https:\/\/pcce.com.ar\/pcce\/?p=25922"},"modified":"2025-07-03T17:00:48","modified_gmt":"2025-07-03T20:00:48","slug":"contra-la-proscripcion-argentina-con-cristina","status":"publish","type":"post","link":"https:\/\/pcce.com.ar\/pcce\/2025\/07\/03\/contra-la-proscripcion-argentina-con-cristina\/","title":{"rendered":"CONTRA LA PROSCRIPCI\u00d3N: Argentina con Cristina"},"content":{"rendered":"<h4>CONTRA LA PROSCRIPCI\u00d3N<\/h4>\n<h1>Argentina con Cristina<\/h1>\n<p>Un cimbronazo pol\u00edtico signific\u00f3 la sentencia proscriptiva y posterior prisi\u00f3n a la compa\u00f1era Cristina. En ese marco m\u00faltiples iniciativas se desarrollaron para respaldarla y en cada una el Partido estuvo presente con su militancia. Sin lugar a dudas, el hito se dio el 18 de junio en la Plaza de Mayo con una masiva movilizaci\u00f3n de m\u00e1s de 500 mil personas (m\u00e1s las plazas provinciales) un d\u00eda h\u00e1bil a las dos de la tarde. Una convocatoria que reuni\u00f3 a todo arco pol\u00edtico del kirchnerismo y otras expresiones, adem\u00e1s de una important\u00edsima cantidad de gente desorganizada que reivindica a la ex mandataria. Nota aparte y repudio para la conducci\u00f3n de la CGT que ni siquiera se pronunci\u00f3 ante la proscripci\u00f3n, y reconocimiento para la gran cantidad de trabajadores organizados (incluso de los sindicatos de la burocracia dialoguista) que se hicieron presentes con sus banderas y que ven en Cristina la garant\u00eda de la defensa de sus derechos y conquistas. All\u00ed se cristaliz\u00f3 la idea de una Argentina con Cristina y un pedido firme por su liberaci\u00f3n.<br \/>\nDesde las distintas convocatorias al PJ Nacional, pasando por las vigilias en la casa de Cristina, la contundente movilizaci\u00f3n que encabezaron los intendentes del sur bonaerense, las tomas de entidades educativas, el banderazo en Parque Lezama hasta las diversas iniciativas de calle descentralizadas estuvieron nuestras banderas rojas. Con el mismo esp\u00edritu de lucha con el que venimos enfrent\u00e1ndonos al ajuste fascista neoliberal abordamos cada instancia.<br \/>\nDefender a Cristina es defender la Democracia y Cristina Libre rezan los afiches y volantes distribuidos en en gran parte del AMBA gracias al despliegue militante de las y los camaradas que salieron a conversar y debatir con los vecinos de la importancia nodal que tiene esta causa. Tambi\u00e9n, semaforazos y radio abierta marcaron presencia en las calles platenses junto a otras organizaciones compa\u00f1eras. A la par de la lucha de tantos jubilados, estudiantes y trabajadores empieza a configurarse un nuevo escenario para enfrentar a las corporaciones, defender la democracia y la soberan\u00eda, y con Cristina Libre como campa\u00f1a permanente sobran las razones por las que vale la pena sumarse a luchar.<\/p>\n","protected":false},"excerpt":{"rendered":"<p>CONTRA LA PROSCRIPCI\u00d3N Argentina con Cristina Un cimbronazo pol\u00edtico signific\u00f3 la sentencia proscriptiva y posterior prisi\u00f3n a la compa\u00f1era Cristina. En ese marco m\u00faltiples iniciativas se desarrollaron para respaldarla y en cada una el Partido estuvo presente con su militancia. Sin lugar a dudas, el hito se dio el 18 de junio en la Plaza [&hellip;]<\/p>\n","protected":false},"author":1,"featured_media":25932,"comment_status":"closed","ping_status":"closed","sticky":false,"template":"","format":"standard","meta":{"tdm_status":"","tdm_grid_status":"","footnotes":""},"categories":[4,9],"tags":[],"class_list":["post-25922","post","type-post","status-publish","format-standard","has-post-thumbnail","hentry","category-featured","category-vidadepartido"],"_links":{"self":[{"href":"https:\/\/pcce.com.ar\/pcce\/wp-json\/wp\/v2\/posts\/25922","targetHints":{"allow":["GET"]}}],"collection":[{"href":"https:\/\/pcce.com.ar\/pcce\/wp-json\/wp\/v2\/posts"}],"about":[{"href":"https:\/\/pcce.com.ar\/pcce\/wp-json\/wp\/v2\/types\/post"}],"author":[{"embeddable":true,"href":"https:\/\/pcce.com.ar\/pcce\/wp-json\/wp\/v2\/users\/1"}],"replies":[{"embeddable":true,"href":"https:\/\/pcce.com.ar\/pcce\/wp-json\/wp\/v2\/comments?post=25922"}],"version-history":[{"count":0,"href":"https:\/\/pcce.com.ar\/pcce\/wp-json\/wp\/v2\/posts\/25922\/revisions"}],"wp:featuredmedia":[{"embeddable":true,"href":"https:\/\/pcce.com.ar\/pcce\/wp-json\/wp\/v2\/media\/25932"}],"wp:attachment":[{"href":"https:\/\/pcce.com.ar\/pcce\/wp-json\/wp\/v2\/media?parent=25922"}],"wp:term":[{"taxonomy":"category","embeddable":true,"href":"https:\/\/pcce.com.ar\/pcce\/wp-json\/wp\/v2\/categories?post=25922"},{"taxonomy":"post_tag","embeddable":true,"href":"https:\/\/pcce.com.ar\/pcce\/wp-json\/wp\/v2\/tags?post=25922"}],"curies":[{"name":"wp","href":"https:\/\/api.w.org\/{rel}","templated":true}]}}