{"id":25955,"date":"2025-08-08T17:05:12","date_gmt":"2025-08-08T20:05:12","guid":{"rendered":"https:\/\/pcce.com.ar\/pcce\/?p=25955"},"modified":"2025-08-08T17:05:12","modified_gmt":"2025-08-08T20:05:12","slug":"provincia-de-buenos-aires-7-de-septiembre-disputa-entre-dos-proyectos","status":"publish","type":"post","link":"https:\/\/pcce.com.ar\/pcce\/2025\/08\/08\/provincia-de-buenos-aires-7-de-septiembre-disputa-entre-dos-proyectos\/","title":{"rendered":"PROVINCIA DE BUENOS AIRES: 7 de septiembre &#8211; disputa entre dos proyectos"},"content":{"rendered":"<h4 class=\"p1\"><span class=\"s1\">PROVINCIA DE BUENOS AIRES<\/span><\/h4>\n<h1><span class=\"s1\">7 de septiembre: disputa entre dos proyectos<\/span><\/h1>\n<p class=\"p1\"><span class=\"s1\">Los bonaerenses deber\u00e1n asistir a las urnas en dos oportunidades este a\u00f1o: el 7 de septiembre para las elecciones legislativas provinciales y el 26 de octubre para las legislativas nacionales. En las legislativas provinciales se votar\u00e1 para renovar las bancas de 23 senadores provinciales titulares y 15 suplentes y de 46 diputados provinciales titulares y 28 suplentes, la mitad de cada c\u00e1mara. Adem\u00e1s, concejales y consejeros escolares en los distintos distritos electorales.<\/span><\/p>\n<p class=\"p1\"><span class=\"s1\">El objetivo de Milei y los sectores dominantes a los que representa es el de ahogar al gobernador peronista de la mayor provincia del pa\u00eds. Kicillof, redobla la apuesta, no obstante, el torniquete y la motosierra aplicada contra la provincia, en el principal distrito electoral del pa\u00eds prevalecen las pol\u00edticas de inclusi\u00f3n en todos los niveles. La obra p\u00fablica fue uno de los motores de la econom\u00eda de la provincia. La econom\u00eda familiar, las pymes y los comercios tambi\u00e9n son motores y un factor fundamental para la gesti\u00f3n de Kicillof y eso qued\u00f3 en claro con las pol\u00edticas desplegadas por el Banco Provincia, cuyo principal fin fue ayudar a los bonaerenses con l\u00edneas de cr\u00e9ditos y la Cuenta DNI que se lanz\u00f3 en el 2020 con la pandemia, que en marzo de este a\u00f1o alcanz\u00f3 los 10 millones de usuarios y 168 mil comercios que la utilizan para cobrar sus ventas. Incluso, 700 mil personas tienen domicilio en la Ciudad de Buenos Aires y otras 600 mil residen en otras provincias.<\/span><\/p>\n<p class=\"p1\"><span class=\"s1\">Inversiones en caminos, obras de pavimentaci\u00f3n y repavimentaci\u00f3n de calles en distintas localidades y en el interior de la provincia para mejorar la comunicaci\u00f3n de las localidades y de los productores agropecuarios. La inversi\u00f3n en salud y educaci\u00f3n no solo no se detuvo, sino que tuvo que salir a cubrir el d\u00e9ficit dejado por la Naci\u00f3n y gestionar con billones de deuda por distintos fondos coparticipables que cort\u00f3 Milei. En total, la administraci\u00f3n de Kicillof le reclama al gobierno de Javier Milei el pago de 12,1 billones por distintos \u00edtems desde diciembre de 2023. M\u00e1s de 900 obras p\u00fablicas frenadas desde diciembre de 2023, programas nacionales discontinuados o demorados, las deudas directas que involucran las transferencias a la caja de ANSES y fondos como el de Incentivo Docente y el de Fortalecimiento Fiscal, que se destina para pagar el programa de Seguridad. Obras paralizadas en materia de Educaci\u00f3n, Salud, Viviendas, Vialidad e infraestructura en los municipios.<\/span><\/p>\n<p class=\"p1\"><span class=\"s1\">Mientras Milei destruye y desfinancia, la provincia inaugura m\u00e1s 190 Centros de Atenci\u00f3n primaria de la Salud. Ampliaci\u00f3n de salas y equipamientos hospitalarios y fortalecimiento de todo el sistema y los profesionales de la salud. Lo mismo sucede en materia educativa, durante la gesti\u00f3n de Axel se inauguraron 263 edificios educativos nuevos, m\u00e1s de 8.074 obras finalizadas y 485 edificios ampliados gracias al programa Escuelas a la Obra. El programa Puentes, a trav\u00e9s del cual el gobierno provincial realiza acuerdos con las universidades nacionales y los gobiernos locales para el dictado de carreras en los municipios, as\u00ed se multiplican las opciones de estudios universitarios en todo el territorio, que incluye edificios para que las pibas y pibes bonaerenses del interior puedan estudiar carreras universitarias. En suma, solo en infraestructura educativa la inversi\u00f3n p\u00fablica lleg\u00f3 al medio bill\u00f3n de pesos.<\/span><\/p>\n<p class=\"p1\"><span class=\"s1\">La victoria de Fuerza Patria en la Provincia, en ambas instancias electorales, es fundamental para fortalecer al campo popular, el rol de conducci\u00f3n estrat\u00e9gica de la compa\u00f1era Cristina y reafirmar el respaldo al compa\u00f1ero Axel Kicillof quien puede mostrar una gesti\u00f3n y un gobierno que contrasta con el fascismo neoliberal en la Rosada. Las fuerzas del campo popular tenemos la tarea de construir los instrumentos necesarios para volver a establecer un v\u00ednculo pol\u00edtico con las masas y la confianza del pueblo, consolidar una amplia unidad para disputar el poder pol\u00edtico y convocar al compromiso, la participaci\u00f3n, la lucha.<\/span><\/p>\n","protected":false},"excerpt":{"rendered":"<p>PROVINCIA DE BUENOS AIRES 7 de septiembre: disputa entre dos proyectos Los bonaerenses deber\u00e1n asistir a las urnas en dos oportunidades este a\u00f1o: el 7 de septiembre para las elecciones legislativas provinciales y el 26 de octubre para las legislativas nacionales. En las legislativas provinciales se votar\u00e1 para renovar las bancas de 23 senadores provinciales [&hellip;]<\/p>\n","protected":false},"author":1,"featured_media":25968,"comment_status":"closed","ping_status":"closed","sticky":false,"template":"","format":"standard","meta":{"tdm_status":"","tdm_grid_status":"","footnotes":""},"categories":[4,19],"tags":[],"class_list":["post-25955","post","type-post","status-publish","format-standard","has-post-thumbnail","hentry","category-featured","category-pagina2"],"_links":{"self":[{"href":"https:\/\/pcce.com.ar\/pcce\/wp-json\/wp\/v2\/posts\/25955","targetHints":{"allow":["GET"]}}],"collection":[{"href":"https:\/\/pcce.com.ar\/pcce\/wp-json\/wp\/v2\/posts"}],"about":[{"href":"https:\/\/pcce.com.ar\/pcce\/wp-json\/wp\/v2\/types\/post"}],"author":[{"embeddable":true,"href":"https:\/\/pcce.com.ar\/pcce\/wp-json\/wp\/v2\/users\/1"}],"replies":[{"embeddable":true,"href":"https:\/\/pcce.com.ar\/pcce\/wp-json\/wp\/v2\/comments?post=25955"}],"version-history":[{"count":0,"href":"https:\/\/pcce.com.ar\/pcce\/wp-json\/wp\/v2\/posts\/25955\/revisions"}],"wp:featuredmedia":[{"embeddable":true,"href":"https:\/\/pcce.com.ar\/pcce\/wp-json\/wp\/v2\/media\/25968"}],"wp:attachment":[{"href":"https:\/\/pcce.com.ar\/pcce\/wp-json\/wp\/v2\/media?parent=25955"}],"wp:term":[{"taxonomy":"category","embeddable":true,"href":"https:\/\/pcce.com.ar\/pcce\/wp-json\/wp\/v2\/categories?post=25955"},{"taxonomy":"post_tag","embeddable":true,"href":"https:\/\/pcce.com.ar\/pcce\/wp-json\/wp\/v2\/tags?post=25955"}],"curies":[{"name":"wp","href":"https:\/\/api.w.org\/{rel}","templated":true}]}}