{"id":25958,"date":"2025-08-08T16:58:56","date_gmt":"2025-08-08T19:58:56","guid":{"rendered":"https:\/\/pcce.com.ar\/pcce\/?p=25958"},"modified":"2025-08-08T16:58:56","modified_gmt":"2025-08-08T19:58:56","slug":"la-plata-9-de-julio-construir-la-segunda-y-definitiva-independencia","status":"publish","type":"post","link":"https:\/\/pcce.com.ar\/pcce\/2025\/08\/08\/la-plata-9-de-julio-construir-la-segunda-y-definitiva-independencia\/","title":{"rendered":"LA PLATA: 9 de julio &#8211; construir la segunda y definitiva independencia"},"content":{"rendered":"<h4>LA PLATA<\/h4>\n<h1>9 de julio: construir la segunda y definitiva independencia<\/h1>\n<p class=\"p1\"><span class=\"s1\">Para los comunistas, el 9 de julio no es una fecha m\u00e1s. Por ello en el \u00faltimo aniversario patrio compartimos una choriceada en el hist\u00f3rico local de La Plata con motivo de seguir organizando y luchando hacia la segunda y definitiva Independencia. En un contexto de despidos, hambre, ajuste y represi\u00f3n a jubilados, a trabajadores y la sumisi\u00f3n in\u00e9dita al FMI y al imperialismo, nos moviliza a estar organizados, a salir con ofensiva y firmeza a sumar a cada compa\u00f1ero dispuesto a resistir y luchar.<\/span><\/p>\n<p class=\"p1\"><span class=\"s1\">Con la presencia de nuestro Secretario General Pablo Pereyra, nos fuimos juntando desde temprano camaradas de zona norte y sur del conurbano y de La Plata. Todo se desarroll\u00f3 bajo un clima de integraci\u00f3n, debates y muchas pilas para salir a plantar al Partido, con nuevos militantes y un espacio que se identifica con la l\u00ednea y sobre todo con nuestra forma de militar, De esta manera seguimos fortaleciendo los frentes de masas para encarar la campa\u00f1a electoral y que ayude a construir la alternativa popular donde se canalice la bronca y hartazgo. Con la bandera de Cristina Inocente, Cristina Libre, y contra las medidas del gobierno fascista y neoliberal de Milei.\u00a0<\/span><\/p>\n","protected":false},"excerpt":{"rendered":"<p>LA PLATA 9 de julio: construir la segunda y definitiva independencia Para los comunistas, el 9 de julio no es una fecha m\u00e1s. Por ello en el \u00faltimo aniversario patrio compartimos una choriceada en el hist\u00f3rico local de La Plata con motivo de seguir organizando y luchando hacia la segunda y definitiva Independencia. En un [&hellip;]<\/p>\n","protected":false},"author":1,"featured_media":25971,"comment_status":"closed","ping_status":"closed","sticky":false,"template":"","format":"standard","meta":{"tdm_status":"","tdm_grid_status":"","footnotes":""},"categories":[4,9],"tags":[],"class_list":["post-25958","post","type-post","status-publish","format-standard","has-post-thumbnail","hentry","category-featured","category-vidadepartido"],"_links":{"self":[{"href":"https:\/\/pcce.com.ar\/pcce\/wp-json\/wp\/v2\/posts\/25958","targetHints":{"allow":["GET"]}}],"collection":[{"href":"https:\/\/pcce.com.ar\/pcce\/wp-json\/wp\/v2\/posts"}],"about":[{"href":"https:\/\/pcce.com.ar\/pcce\/wp-json\/wp\/v2\/types\/post"}],"author":[{"embeddable":true,"href":"https:\/\/pcce.com.ar\/pcce\/wp-json\/wp\/v2\/users\/1"}],"replies":[{"embeddable":true,"href":"https:\/\/pcce.com.ar\/pcce\/wp-json\/wp\/v2\/comments?post=25958"}],"version-history":[{"count":0,"href":"https:\/\/pcce.com.ar\/pcce\/wp-json\/wp\/v2\/posts\/25958\/revisions"}],"wp:featuredmedia":[{"embeddable":true,"href":"https:\/\/pcce.com.ar\/pcce\/wp-json\/wp\/v2\/media\/25971"}],"wp:attachment":[{"href":"https:\/\/pcce.com.ar\/pcce\/wp-json\/wp\/v2\/media?parent=25958"}],"wp:term":[{"taxonomy":"category","embeddable":true,"href":"https:\/\/pcce.com.ar\/pcce\/wp-json\/wp\/v2\/categories?post=25958"},{"taxonomy":"post_tag","embeddable":true,"href":"https:\/\/pcce.com.ar\/pcce\/wp-json\/wp\/v2\/tags?post=25958"}],"curies":[{"name":"wp","href":"https:\/\/api.w.org\/{rel}","templated":true}]}}