{"id":25959,"date":"2025-08-08T16:58:17","date_gmt":"2025-08-08T19:58:17","guid":{"rendered":"https:\/\/pcce.com.ar\/pcce\/?p=25959"},"modified":"2025-08-08T16:58:28","modified_gmt":"2025-08-08T19:58:28","slug":"general-rodriguez-casa-por-casa-barrio-por-barrio-militancia-para-frenar-el-ajuste","status":"publish","type":"post","link":"https:\/\/pcce.com.ar\/pcce\/2025\/08\/08\/general-rodriguez-casa-por-casa-barrio-por-barrio-militancia-para-frenar-el-ajuste\/","title":{"rendered":"GENERAL RODR\u00cdGUEZ:\u00a0 Casa por casa, barrio por barrio: militancia para frenar el ajuste"},"content":{"rendered":"<h4 class=\"p1\"><span class=\"s1\">GENERAL RODR\u00cdGUEZ\u00a0<\/span><\/h4>\n<h1 class=\"p1\"><span class=\"s1\">Casa por casa, barrio por barrio: militancia para frenar el ajuste<\/span><\/h1>\n<p class=\"p1\"><span class=\"s1\">En el marco de la campa\u00f1a electoral en la provincia de Buenos Aires, la militancia comunista de General Rodr\u00edguez sali\u00f3 a la ofensiva para debatir con el pueblo sobre la relevancia de las pr\u00f3ximas elecciones. Nuestro camarada Fernando Vera y el compa\u00f1ero Mauricio R\u00edos \u2014miembro de ATILRA y candidato a concejal\u2014 recorrieron los barrios Ampliaci\u00f3n Agua de Oro, Pico Rojo, Altos del Oeste, Villa Vencochea, Los Naranjitos, El Casco, Los Troncos y Bicentenario. En cada esquina, casa y reuni\u00f3n vecinal se discuti\u00f3 la necesidad de votar por Fuerza Patria para frenar en las urnas el plan de Milei. Como comunistas, reafirmamos que, adem\u00e1s de votar, es clave sostener la lucha cotidiana en todos los frentes que abre la gesti\u00f3n entreguista y antipueblo de Milei y compa\u00f1\u00eda, para defender y mejorar las condiciones de vida de nuestro pueblo.<\/span><\/p>\n","protected":false},"excerpt":{"rendered":"<p>GENERAL RODR\u00cdGUEZ\u00a0 Casa por casa, barrio por barrio: militancia para frenar el ajuste En el marco de la campa\u00f1a electoral en la provincia de Buenos Aires, la militancia comunista de General Rodr\u00edguez sali\u00f3 a la ofensiva para debatir con el pueblo sobre la relevancia de las pr\u00f3ximas elecciones. Nuestro camarada Fernando Vera y el compa\u00f1ero [&hellip;]<\/p>\n","protected":false},"author":1,"featured_media":25522,"comment_status":"closed","ping_status":"closed","sticky":false,"template":"","format":"standard","meta":{"tdm_status":"","tdm_grid_status":"","footnotes":""},"categories":[4,9],"tags":[],"class_list":["post-25959","post","type-post","status-publish","format-standard","has-post-thumbnail","hentry","category-featured","category-vidadepartido"],"_links":{"self":[{"href":"https:\/\/pcce.com.ar\/pcce\/wp-json\/wp\/v2\/posts\/25959","targetHints":{"allow":["GET"]}}],"collection":[{"href":"https:\/\/pcce.com.ar\/pcce\/wp-json\/wp\/v2\/posts"}],"about":[{"href":"https:\/\/pcce.com.ar\/pcce\/wp-json\/wp\/v2\/types\/post"}],"author":[{"embeddable":true,"href":"https:\/\/pcce.com.ar\/pcce\/wp-json\/wp\/v2\/users\/1"}],"replies":[{"embeddable":true,"href":"https:\/\/pcce.com.ar\/pcce\/wp-json\/wp\/v2\/comments?post=25959"}],"version-history":[{"count":0,"href":"https:\/\/pcce.com.ar\/pcce\/wp-json\/wp\/v2\/posts\/25959\/revisions"}],"wp:featuredmedia":[{"embeddable":true,"href":"https:\/\/pcce.com.ar\/pcce\/wp-json\/wp\/v2\/media\/25522"}],"wp:attachment":[{"href":"https:\/\/pcce.com.ar\/pcce\/wp-json\/wp\/v2\/media?parent=25959"}],"wp:term":[{"taxonomy":"category","embeddable":true,"href":"https:\/\/pcce.com.ar\/pcce\/wp-json\/wp\/v2\/categories?post=25959"},{"taxonomy":"post_tag","embeddable":true,"href":"https:\/\/pcce.com.ar\/pcce\/wp-json\/wp\/v2\/tags?post=25959"}],"curies":[{"name":"wp","href":"https:\/\/api.w.org\/{rel}","templated":true}]}}