{"id":25960,"date":"2025-08-08T17:04:18","date_gmt":"2025-08-08T20:04:18","guid":{"rendered":"https:\/\/pcce.com.ar\/pcce\/?p=25960"},"modified":"2025-08-08T17:04:18","modified_gmt":"2025-08-08T20:04:18","slug":"zona-sur-comunistas-en-la-calle","status":"publish","type":"post","link":"https:\/\/pcce.com.ar\/pcce\/2025\/08\/08\/zona-sur-comunistas-en-la-calle\/","title":{"rendered":"ZONA SUR: Comunistas en la calle"},"content":{"rendered":"<h4 class=\"p1\"><span class=\"s1\">ZONA SUR<\/span><\/h4>\n<h1 class=\"p1\"><span class=\"s1\">Comunistas en la calle<\/span><\/h1>\n<p class=\"p1\"><span class=\"s1\">En el marco de la campa\u00f1a \u201cCristina Libre\u201d, las y los comunistas del sur de la provincia de Buenos Aires seguimos charlando con vecinos y vecinas sobre por qu\u00e9 defender a Cristina es tambi\u00e9n defender la democracia y la lucha por una Patria justa, libre y soberana. En cada actividad, debatimos sobre los dos modelos de pa\u00eds hoy en disputa: por un lado, el modelo de hambre, miseria y entrega que representa Milei y sus secuaces; por otro, el modelo de redistribuci\u00f3n, soberan\u00eda y justicia social que sostiene Axel Kicillof como gobernador.<\/span><\/p>\n<p class=\"p1\"><span class=\"s1\">En este contexto, impulsamos el gazebo \u201cCristina Libre\u201d en la peatonal de Lomas de Zamora, donde llevamos adelante una intensa campa\u00f1a de difusi\u00f3n y concientizaci\u00f3n con materiales de elaboraci\u00f3n propia. Participaron camaradas de Lomas, Brown y Avellaneda, y nos acompa\u00f1\u00f3 la compa\u00f1era Eva, candidata a diputada provincial por la Tercera Secci\u00f3n Electoral.<\/span><\/p>\n<p class=\"p1\"><span class=\"s1\">En Almirante Brown, comenzamos el mes instalando un gazebo de campa\u00f1a, en el que conversamos con trabajadoras y trabajadores sobre la necesidad de organizar la bronca y transformarla en acci\u00f3n pol\u00edtica llamando a votar masivamente por el frente Fuerza Patria en el distrito.<\/span><\/p>\n<p class=\"p1\"><span class=\"s1\">Desde el Partido en el sur bonaerense estamos convencidos de que la lucha se da en la calle, disputando el sentido com\u00fan, organizando el malestar popular y construyendo alternativas desde abajo. Por eso, convocamos a redoblar los esfuerzos para que Fuerza Patria se imponga en cada secci\u00f3n en las elecciones de septiembre.<\/span><\/p>\n","protected":false},"excerpt":{"rendered":"<p>ZONA SUR Comunistas en la calle En el marco de la campa\u00f1a \u201cCristina Libre\u201d, las y los comunistas del sur de la provincia de Buenos Aires seguimos charlando con vecinos y vecinas sobre por qu\u00e9 defender a Cristina es tambi\u00e9n defender la democracia y la lucha por una Patria justa, libre y soberana. En cada [&hellip;]<\/p>\n","protected":false},"author":1,"featured_media":25972,"comment_status":"closed","ping_status":"closed","sticky":false,"template":"","format":"standard","meta":{"tdm_status":"","tdm_grid_status":"","footnotes":""},"categories":[4,9],"tags":[],"class_list":["post-25960","post","type-post","status-publish","format-standard","has-post-thumbnail","hentry","category-featured","category-vidadepartido"],"_links":{"self":[{"href":"https:\/\/pcce.com.ar\/pcce\/wp-json\/wp\/v2\/posts\/25960","targetHints":{"allow":["GET"]}}],"collection":[{"href":"https:\/\/pcce.com.ar\/pcce\/wp-json\/wp\/v2\/posts"}],"about":[{"href":"https:\/\/pcce.com.ar\/pcce\/wp-json\/wp\/v2\/types\/post"}],"author":[{"embeddable":true,"href":"https:\/\/pcce.com.ar\/pcce\/wp-json\/wp\/v2\/users\/1"}],"replies":[{"embeddable":true,"href":"https:\/\/pcce.com.ar\/pcce\/wp-json\/wp\/v2\/comments?post=25960"}],"version-history":[{"count":0,"href":"https:\/\/pcce.com.ar\/pcce\/wp-json\/wp\/v2\/posts\/25960\/revisions"}],"wp:featuredmedia":[{"embeddable":true,"href":"https:\/\/pcce.com.ar\/pcce\/wp-json\/wp\/v2\/media\/25972"}],"wp:attachment":[{"href":"https:\/\/pcce.com.ar\/pcce\/wp-json\/wp\/v2\/media?parent=25960"}],"wp:term":[{"taxonomy":"category","embeddable":true,"href":"https:\/\/pcce.com.ar\/pcce\/wp-json\/wp\/v2\/categories?post=25960"},{"taxonomy":"post_tag","embeddable":true,"href":"https:\/\/pcce.com.ar\/pcce\/wp-json\/wp\/v2\/tags?post=25960"}],"curies":[{"name":"wp","href":"https:\/\/api.w.org\/{rel}","templated":true}]}}