{"id":25962,"date":"2025-08-08T17:00:36","date_gmt":"2025-08-08T20:00:36","guid":{"rendered":"https:\/\/pcce.com.ar\/pcce\/?p=25962"},"modified":"2025-08-08T17:00:36","modified_gmt":"2025-08-08T20:00:36","slug":"mar-del-plata-resistir-y-crecer","status":"publish","type":"post","link":"https:\/\/pcce.com.ar\/pcce\/2025\/08\/08\/mar-del-plata-resistir-y-crecer\/","title":{"rendered":"MAR DEL PLATA:\u00a0 Resistir y crecer\u00a0"},"content":{"rendered":"<h4 class=\"p1\"><span class=\"s1\">MAR DEL PLATA<\/span><\/h4>\n<h1 class=\"p1\"><span class=\"s1\">Resistir y crecer\u00a0<\/span><\/h1>\n<p class=\"p1\"><span class=\"s1\">El 26 de julio, en el aniversario del heroico asalto al Moncada, los camaradas realizamos una actividad de difusi\u00f3n en la Plaza Rocha de la ciudad de Mar del Plata. Con una mesa militante, volanteadas y difusi\u00f3n de Nuestra Palabra, el Partido hace pie en la Costa Atl\u00e1ntica y suma voluntades a la lucha pol\u00edtica.\u00a0<\/span><\/p>\n<p class=\"p1\"><span class=\"s1\">Con el optimismo revolucionario que caracteriza a los comunistas, se avanza en la construcci\u00f3n, difusi\u00f3n y arraigo del marxismo-leninismo. Mar del Plata no es la excepci\u00f3n: el Partido se extiende y germina progresivamente en distintos pueblos y ciudades bonaerenses. El crecimiento no es un ente abstracto, sino la suma de cada camarada actuando en su territorio, consciente de las condiciones de sometimiento que sufre nuestra Patria y, especialmente, la clase trabajadora. Esta realidad exige tomar partido y organizarse.<\/span><\/p>\n<p class=\"p1\"><span class=\"s1\">En esta ciudad como cada rinc\u00f3n del pa\u00eds, hoy es momento de reorganizar a los comunistas argentinos para luchar por la liberaci\u00f3n social y la soberan\u00eda nacional. El entusiasmo y la firmeza de los militantes ante este tiempo de ajustes y hostigamiento son nuestra garant\u00eda de crecimiento.<\/span><\/p>\n","protected":false},"excerpt":{"rendered":"<p>MAR DEL PLATA Resistir y crecer\u00a0 El 26 de julio, en el aniversario del heroico asalto al Moncada, los camaradas realizamos una actividad de difusi\u00f3n en la Plaza Rocha de la ciudad de Mar del Plata. Con una mesa militante, volanteadas y difusi\u00f3n de Nuestra Palabra, el Partido hace pie en la Costa Atl\u00e1ntica y [&hellip;]<\/p>\n","protected":false},"author":1,"featured_media":25974,"comment_status":"closed","ping_status":"closed","sticky":false,"template":"","format":"standard","meta":{"tdm_status":"","tdm_grid_status":"","footnotes":""},"categories":[4,9],"tags":[],"class_list":["post-25962","post","type-post","status-publish","format-standard","has-post-thumbnail","hentry","category-featured","category-vidadepartido"],"_links":{"self":[{"href":"https:\/\/pcce.com.ar\/pcce\/wp-json\/wp\/v2\/posts\/25962","targetHints":{"allow":["GET"]}}],"collection":[{"href":"https:\/\/pcce.com.ar\/pcce\/wp-json\/wp\/v2\/posts"}],"about":[{"href":"https:\/\/pcce.com.ar\/pcce\/wp-json\/wp\/v2\/types\/post"}],"author":[{"embeddable":true,"href":"https:\/\/pcce.com.ar\/pcce\/wp-json\/wp\/v2\/users\/1"}],"replies":[{"embeddable":true,"href":"https:\/\/pcce.com.ar\/pcce\/wp-json\/wp\/v2\/comments?post=25962"}],"version-history":[{"count":0,"href":"https:\/\/pcce.com.ar\/pcce\/wp-json\/wp\/v2\/posts\/25962\/revisions"}],"wp:featuredmedia":[{"embeddable":true,"href":"https:\/\/pcce.com.ar\/pcce\/wp-json\/wp\/v2\/media\/25974"}],"wp:attachment":[{"href":"https:\/\/pcce.com.ar\/pcce\/wp-json\/wp\/v2\/media?parent=25962"}],"wp:term":[{"taxonomy":"category","embeddable":true,"href":"https:\/\/pcce.com.ar\/pcce\/wp-json\/wp\/v2\/categories?post=25962"},{"taxonomy":"post_tag","embeddable":true,"href":"https:\/\/pcce.com.ar\/pcce\/wp-json\/wp\/v2\/tags?post=25962"}],"curies":[{"name":"wp","href":"https:\/\/api.w.org\/{rel}","templated":true}]}}