{"id":26005,"date":"2025-09-12T16:05:19","date_gmt":"2025-09-12T19:05:19","guid":{"rendered":"https:\/\/pcce.com.ar\/pcce\/?p=26005"},"modified":"2025-09-12T16:05:19","modified_gmt":"2025-09-12T19:05:19","slug":"avellaneda-cierre-de-campana-del-regional-sur","status":"publish","type":"post","link":"https:\/\/pcce.com.ar\/pcce\/2025\/09\/12\/avellaneda-cierre-de-campana-del-regional-sur\/","title":{"rendered":"AVELLANEDA: Cierre de campa\u00f1a del Regional Sur"},"content":{"rendered":"<h4 class=\"p1\"><span class=\"s1\">AVELLANEDA<\/span><\/h4>\n<h1 class=\"p1\"><span class=\"s1\">Cierre de campa\u00f1a del Regional Sur<\/span><\/h1>\n<p class=\"p1\"><span class=\"s1\">El pasado s\u00e1bado 30 de agosto, los camaradas que integramos el Regional Sur nos reunimos en Avellaneda para llevar adelante la \u00faltima actividad de campa\u00f1a, en el fin de semana previo a la veda electoral.<\/span><\/p>\n<p class=\"p1\"><span class=\"s1\">En la jornada, que cont\u00f3 con la presencia de nuestro secretario general Pablo Pereyra y otros camaradas de la zona sur, se charl\u00f3 con los vecinos del distrito y se le entreg\u00f3 junto con nuestros materiales partidarios la boleta de Fuerza Patria que se utiliz\u00f3 en las elecciones provinciales.<\/span><\/p>\n<p class=\"p1\"><span class=\"s1\">El gazebo partidario se instal\u00f3 en la entrada del Parque La Estaci\u00f3n, \u00e1rea verde con un centro de convenciones multiprop\u00f3sito ubicado frente al Palacio Municipal, muy concurrido por la comunidad local. De esta manera continuamos consolidando la presencia del Partido en el territorio con el objetivo de afianzar el trabajo pol\u00edtico en un distrito clave para el zonal. Estas iniciativas dan cuenta de un Partido vivo, activo y comprometido. De esta manera cerramos una campa\u00f1a con mayor organizaci\u00f3n y presencia en las calles, y que nos para m\u00e1s fuertes para dar la pelea contra el fascismo neoliberal.<\/span><\/p>\n","protected":false},"excerpt":{"rendered":"<p>AVELLANEDA Cierre de campa\u00f1a del Regional Sur El pasado s\u00e1bado 30 de agosto, los camaradas que integramos el Regional Sur nos reunimos en Avellaneda para llevar adelante la \u00faltima actividad de campa\u00f1a, en el fin de semana previo a la veda electoral. En la jornada, que cont\u00f3 con la presencia de nuestro secretario general Pablo [&hellip;]<\/p>\n","protected":false},"author":3,"featured_media":26018,"comment_status":"closed","ping_status":"closed","sticky":false,"template":"","format":"standard","meta":{"tdm_status":"","tdm_grid_status":"","footnotes":""},"categories":[4,9],"tags":[],"class_list":["post-26005","post","type-post","status-publish","format-standard","has-post-thumbnail","hentry","category-featured","category-vidadepartido"],"_links":{"self":[{"href":"https:\/\/pcce.com.ar\/pcce\/wp-json\/wp\/v2\/posts\/26005","targetHints":{"allow":["GET"]}}],"collection":[{"href":"https:\/\/pcce.com.ar\/pcce\/wp-json\/wp\/v2\/posts"}],"about":[{"href":"https:\/\/pcce.com.ar\/pcce\/wp-json\/wp\/v2\/types\/post"}],"author":[{"embeddable":true,"href":"https:\/\/pcce.com.ar\/pcce\/wp-json\/wp\/v2\/users\/3"}],"replies":[{"embeddable":true,"href":"https:\/\/pcce.com.ar\/pcce\/wp-json\/wp\/v2\/comments?post=26005"}],"version-history":[{"count":0,"href":"https:\/\/pcce.com.ar\/pcce\/wp-json\/wp\/v2\/posts\/26005\/revisions"}],"wp:featuredmedia":[{"embeddable":true,"href":"https:\/\/pcce.com.ar\/pcce\/wp-json\/wp\/v2\/media\/26018"}],"wp:attachment":[{"href":"https:\/\/pcce.com.ar\/pcce\/wp-json\/wp\/v2\/media?parent=26005"}],"wp:term":[{"taxonomy":"category","embeddable":true,"href":"https:\/\/pcce.com.ar\/pcce\/wp-json\/wp\/v2\/categories?post=26005"},{"taxonomy":"post_tag","embeddable":true,"href":"https:\/\/pcce.com.ar\/pcce\/wp-json\/wp\/v2\/tags?post=26005"}],"curies":[{"name":"wp","href":"https:\/\/api.w.org\/{rel}","templated":true}]}}