{"id":26008,"date":"2025-09-12T16:10:04","date_gmt":"2025-09-12T19:10:04","guid":{"rendered":"https:\/\/pcce.com.ar\/pcce\/?p=26008"},"modified":"2025-09-12T16:10:04","modified_gmt":"2025-09-12T19:10:04","slug":"zona-norte-en-la-primera-fuerza-patria-a-la-victoria","status":"publish","type":"post","link":"https:\/\/pcce.com.ar\/pcce\/2025\/09\/12\/zona-norte-en-la-primera-fuerza-patria-a-la-victoria\/","title":{"rendered":"ZONA NORTE: En la Primera, Fuerza Patria a la victoria"},"content":{"rendered":"<h4 class=\"p1\"><span class=\"s1\">ZONA NORTE<\/span><\/h4>\n<h1 class=\"p1\"><span class=\"s1\">En la Primera, Fuerza Patria a la victoria<\/span><\/h1>\n<p class=\"p1\"><span class=\"s1\">A lo largo de la campa\u00f1a electoral, los y las comunistas desplegamos un fuerte trabajo militante en la calle para llevar a Fuerza Patria a la victoria y frenar la motosierra neoliberal.<\/span><\/p>\n<p class=\"p1\"><span class=\"s1\">En Malvinas Argentinas participamos de varias actividades de propaganda, pegando afiches en Grand Bourg y otras zonas. Salimos con afiches por Katopodis y Nardini, en un municipio donde se consigui\u00f3 una victoria contundente en septiembre. Nuestro plan es continuar la actividad de calle hacia la pr\u00f3xima campa\u00f1a, sumando m\u00e1s j\u00f3venes en parques y plazas. Tenemos mucho por crecer en el municipio y en la zona norte de la regi\u00f3n, con un pueblo que est\u00e1 sufriendo las consecuencias del plan de ajuste, pero que tambi\u00e9n nos acompa\u00f1a y quiere sumarse a dar la batalla.<\/span><\/p>\n<p class=\"p1\"><span class=\"s1\">Este \u00faltimo tramo de campa\u00f1a hacia las provinciales de septiembre estuvimos fuertemente activos San Isidro y Vicente L\u00f3pez, con mucha propaganda callejera, principalmente concentrados en la estaci\u00f3n de Boulogne. Tambi\u00e9n nos hicimos presentes en la feria de Sarratea en San Mart\u00edn, y en la estaci\u00f3n de Villa Adelina entregando boletas donde circula una importante masa de obreros y laburantes. Repartimos miles de volantes por la candidatura de Katopodis y los candidatos de Fuerza Patria, planteando ponerle un freno a las pol\u00edticas de saqueo neoliberal y de genocidio social de Milei.<\/span><\/p>\n<p class=\"p1\"><span class=\"s1\">Cosechamos un buen clima en la calle de rechazo al modelo del gobierno y una alentadora predisposici\u00f3n a luchar y sumarse. Fue un invierno muy fr\u00edo en el que estuvimos con nuestras banderas y materiales, que le entregamos en mano tanto a nuestros vecinos como al candidato a senador por la primera secci\u00f3n y al compa\u00f1ero gobernador Axel Kicillof.<\/span><\/p>\n<p class=\"p1\"><span class=\"s1\">Cerramos este termo de la campa\u00f1a con una buena fiscalizaci\u00f3n en Boulogne en dos escuelas, aportando 20 fiscales al esfuerzo de los compa\u00f1eros del frente por construir la victoria del 7 de septiembre.<\/span><\/p>\n","protected":false},"excerpt":{"rendered":"<p>ZONA NORTE En la Primera, Fuerza Patria a la victoria A lo largo de la campa\u00f1a electoral, los y las comunistas desplegamos un fuerte trabajo militante en la calle para llevar a Fuerza Patria a la victoria y frenar la motosierra neoliberal. En Malvinas Argentinas participamos de varias actividades de propaganda, pegando afiches en Grand [&hellip;]<\/p>\n","protected":false},"author":3,"featured_media":26021,"comment_status":"closed","ping_status":"closed","sticky":false,"template":"","format":"standard","meta":{"tdm_status":"","tdm_grid_status":"","footnotes":""},"categories":[4,9],"tags":[],"class_list":["post-26008","post","type-post","status-publish","format-standard","has-post-thumbnail","hentry","category-featured","category-vidadepartido"],"_links":{"self":[{"href":"https:\/\/pcce.com.ar\/pcce\/wp-json\/wp\/v2\/posts\/26008","targetHints":{"allow":["GET"]}}],"collection":[{"href":"https:\/\/pcce.com.ar\/pcce\/wp-json\/wp\/v2\/posts"}],"about":[{"href":"https:\/\/pcce.com.ar\/pcce\/wp-json\/wp\/v2\/types\/post"}],"author":[{"embeddable":true,"href":"https:\/\/pcce.com.ar\/pcce\/wp-json\/wp\/v2\/users\/3"}],"replies":[{"embeddable":true,"href":"https:\/\/pcce.com.ar\/pcce\/wp-json\/wp\/v2\/comments?post=26008"}],"version-history":[{"count":0,"href":"https:\/\/pcce.com.ar\/pcce\/wp-json\/wp\/v2\/posts\/26008\/revisions"}],"wp:featuredmedia":[{"embeddable":true,"href":"https:\/\/pcce.com.ar\/pcce\/wp-json\/wp\/v2\/media\/26021"}],"wp:attachment":[{"href":"https:\/\/pcce.com.ar\/pcce\/wp-json\/wp\/v2\/media?parent=26008"}],"wp:term":[{"taxonomy":"category","embeddable":true,"href":"https:\/\/pcce.com.ar\/pcce\/wp-json\/wp\/v2\/categories?post=26008"},{"taxonomy":"post_tag","embeddable":true,"href":"https:\/\/pcce.com.ar\/pcce\/wp-json\/wp\/v2\/tags?post=26008"}],"curies":[{"name":"wp","href":"https:\/\/api.w.org\/{rel}","templated":true}]}}