{"id":26012,"date":"2025-09-12T16:18:39","date_gmt":"2025-09-12T19:18:39","guid":{"rendered":"https:\/\/pcce.com.ar\/pcce\/?p=26012"},"modified":"2025-09-12T16:18:39","modified_gmt":"2025-09-12T19:18:39","slug":"de-cara-al-futuro-inventamos-o-erramos","status":"publish","type":"post","link":"https:\/\/pcce.com.ar\/pcce\/2025\/09\/12\/de-cara-al-futuro-inventamos-o-erramos\/","title":{"rendered":"DE CARA AL FUTURO: Inventamos o erramos"},"content":{"rendered":"<h4 class=\"p1\"><span class=\"s1\">DE CARA AL FUTURO<\/span><\/h4>\n<h1 class=\"p1\"><span class=\"s1\">Inventamos o erramos<\/span><\/h1>\n<p class=\"p1\"><span class=\"s1\">El fiasco electoral de LLA el domingo 7 de septiembre (previsible, aunque no en su magnitud) ha revivido la euforia en muchos an\u00e1lisis del mismo. La oposici\u00f3n y sus medios hablan de la paliza \u201cdel peronismo\u201d a LLA, y \u201cse indignan\u201d cuando escuchan al presidente decir en su discurso que van a hacer la autocr\u00edtica correspondiente y al mismo tiempo que no hay cambio alguno en lo hecho hasta ac\u00e1 y que se profundizar\u00e1 el rumbo. \u201cContradicci\u00f3n\u201d, dicen. Pero no hay tal. No se puede esperar otra cosa en sus acciones, dirigidas a desmantelar la Rep\u00fablica Argentina tal como la conocemos y entregarla atada de pies y manos al altar de la supremac\u00eda imperialista. A los hombres y a los partidos hay que juzgarlos por lo que hacen, no por lo que dicen. En esta columna hemos dicho ya que Milei es un lacayo de las grandes patronales \u201cargentinas\u201d y sus aliados, los imperialistas yanquis. Es a ELLOS a quienes les habla. A dos a\u00f1os de gobierno, podemos ver claramente que siempre les habl\u00f3 a ellos. \u00bfA qui\u00e9n le pod\u00eda servir demoler el Banco Central? \u00bfA qui\u00e9n favorece desmantelar el Estado en todas sus \u00e1reas no represivas y de control social? \u00bfQui\u00e9n se beneficia de toda esa parafernalia \u201cmacroecon\u00f3mica\u201d donde no hay lugar para seres humanos y todo el discurso, a\u00fan el d\u00eda despu\u00e9s de estas elecciones, gira exclusivamente alrededor de si el d\u00f3lar se dispara o no, si el FMI volver\u00e1 a prestar plata o no, si el Tesoro yanqui bancar\u00e1 a este gobierno o no? \u00bfCu\u00e1l es la verdadera \u201cpreocupaci\u00f3n\u201d del \u201cc\u00edrculo rojo\u201d con la ca\u00edda de la popularidad de Milei?<\/span><\/p>\n<p class=\"p1\"><span class=\"s1\">Lo mismo pasa con las conclusiones acerca de qui\u00e9n fue a votar, qui\u00e9n no fue y por qu\u00e9 en cada caso. \u00bfCu\u00e1l es el sentido del ausentismo en estas elecciones (y, a tener en cuenta, ese casi 15% de voto en blanco en algunos lugares)?<\/span><\/p>\n<p class=\"p1\"><span class=\"s1\">En primer\u00edsimo lugar, no fue una paliza \u201cdel peronismo\u201d a Milei y sus mandantes, sino del pueblo. As\u00ed como el pueblo le dio vuelta la espalda al penoso gobierno de 2019 a 2023, del mismo modo le suelta la mano ahora a este \u201cnovedoso\u201d actor de la pol\u00edtica que no es m\u00e1s que la repetici\u00f3n farsesca de lo peor de la dictadura genocida.<\/span><\/p>\n<p class=\"p1\"><span class=\"s1\">Pero Milei no es un hecho aislado. Es parte de una pol\u00edtica expl\u00edcita del imperialismo norteamericano. En el mundo, EE. UU. despliega sus barcos en la costa de Venezuela y amenaza invadirla, despliega nuevamente sus bases militares en Ecuador, manda sus ingenieros militares a \u201cayudarnos\u201d en el Paran\u00e1, \u201cnegocia\u201d una base militar en el extremo sur del continente, en nuestro territorio, y esto luego de amenazar a M\u00e9xico con iniciar acciones militares unilaterales en su territorio y de chantajear descaradamente a Panam\u00e1 para que le conceda privilegios en el Canal. Y ahora le cambia el nombre al Pent\u00e1gono, que pasa de llamarse Ministerio de Defensa a Ministerio de Guerra. Mientras tanto, Israel convoca a un encuentro diplom\u00e1tico para discutir un alto el fuego y lo bombardea.<\/span><\/p>\n<p class=\"p1\"><span class=\"s1\">Han decidido quitarse las caretas y pasar a la acci\u00f3n directa.<\/span><\/p>\n<p class=\"p1\"><span class=\"s1\">En semejantes circunstancias, necesitamos herramientas que describan con mayor precisi\u00f3n la esencia de los fen\u00f3menos a los que asistimos. Y su esencia se expresa, en primer lugar, en la divisi\u00f3n en clases de la sociedad en que vivimos, tanto la mundial como la argentina. Ac\u00e1 y ahora, est\u00e1 claro que los due\u00f1os de casi todo en la Argentina, socios de los due\u00f1os de casi todo en el mundo \u201coccidental\u201d, son quienes tienen un Estado a su exclusivo favor y que, debido a sus intereses econ\u00f3micos e ideol\u00f3gicos, est\u00e1n aliados y subordinados al imperialismo, y los que producimos casi todo somos el enemigo a derrotar por ambos.<\/span><\/p>\n<p class=\"p1\"><span class=\"s1\">Que \u201cel campo\u201d no liquide su producci\u00f3n, que las empresas hagan lo que quieran con los precios, que los bancos cobren lo que se les ocurra por sus \u201cservicios\u201d, que las empresas privadas de salud descarguen pacientes a los hospitales p\u00fablicos, que empresas que antes produc\u00edan echen al personal y se dediquen a importar, todo eso es\u2026 \u201clibertad\u201d.<\/span><\/p>\n<p class=\"p1\"><span class=\"s1\">Que un sindicato obtenga un aumento m\u00e1s o menos significativo, que en una f\u00e1brica se disponga una medida de fuerza en defensa de los puestos de trabajo y el salario, que se marche para que a los jubilados se les pague lo que se debe, que se defienda la salud p\u00fablica es\u2026 no entender lo que significa esa \u201clibertad\u201d. Todo se libera, menos el salario.<\/span><\/p>\n<p class=\"p1\"><span class=\"s1\">Y una vez que asumimos que el meollo del asunto es qui\u00e9n decide qu\u00e9 se produce, para qui\u00e9n, c\u00f3mo se distribuye y a qu\u00e9 precio, en el pa\u00eds y fuera de \u00e9l, quedan claramente delimitados los campos.<\/span><\/p>\n<p class=\"p1\"><span class=\"s1\">Los comunistas celebramos esta primer derrota del enemigo del pueblo. Pero nos preguntamos c\u00f3mo llegaremos a las pr\u00f3ximas elecciones presidenciales, que parecen estar a siglos de distancia. Y a\u00fan considerando un retorno en 2027, empezamos a preguntarnos \u00bfretornar para qu\u00e9? \u00bfUna vez m\u00e1s, vamos a ordenar a costa del esfuerzo popular las cuentas de las deudas socializadas por las corporaciones, para que \u00e9stas vuelvan a campear por sus fueros en cuanto alguna medida no les guste o sientan que \u201cel Estado se mete donde no debe\u201d? Y si no queremos eso, \u00bfc\u00f3mo vamos a hacer para que no se repita? No podemos dejar de notar que los \u00faltimos 50 a\u00f1os, desde la dictadura genocida para ac\u00e1, el devenir de la patria ha sido (salvando los periodos de N\u00e9stor y Cristina) el de la decadencia que acompa\u00f1a la declinaci\u00f3n de la unipolaridad imperialista. Desde el lado de los poderosos se hacen las mismas preguntas. Y preparan sus respuestas.<\/span><\/p>\n<p class=\"p1\"><span class=\"s1\">\u201cInventamos o erramos\u201d, dec\u00eda Jos\u00e9 Mart\u00ed en otro tiempo, en otro lugar, pero frente al mismo dilema. Empecemos por reconstruir al verdadero sujeto de los cambios: el pueblo, organizado y consciente de sus derechos y obligaciones, empoderado por su propia acci\u00f3n y encabezado por la clase obrera. En esta columna empezamos a dejar de lado las tajantes e imprescindibles definiciones de principio que vinimos haciendo. Con ellas como marco, queremos acercar a la militancia (nuestra pero tambi\u00e9n la de todo el campo popular) y a trav\u00e9s de ella al pueblo, estas inquietantes preguntas. Las \u00fanicas respuestas v\u00e1lidas surgir\u00e1n de esa interacci\u00f3n colectiva cotidiana en cada lugar, de \u201cfrotar nuestros cerebros unos con otros\u201d, como dijera Marx.<\/span><\/p>\n","protected":false},"excerpt":{"rendered":"<p>DE CARA AL FUTURO Inventamos o erramos El fiasco electoral de LLA el domingo 7 de septiembre (previsible, aunque no en su magnitud) ha revivido la euforia en muchos an\u00e1lisis del mismo. La oposici\u00f3n y sus medios hablan de la paliza \u201cdel peronismo\u201d a LLA, y \u201cse indignan\u201d cuando escuchan al presidente decir en su [&hellip;]<\/p>\n","protected":false},"author":3,"featured_media":26028,"comment_status":"closed","ping_status":"closed","sticky":false,"template":"","format":"standard","meta":{"tdm_status":"","tdm_grid_status":"","footnotes":""},"categories":[17,4],"tags":[],"class_list":["post-26012","post","type-post","status-publish","format-standard","has-post-thumbnail","hentry","category-contratapa","category-featured"],"_links":{"self":[{"href":"https:\/\/pcce.com.ar\/pcce\/wp-json\/wp\/v2\/posts\/26012","targetHints":{"allow":["GET"]}}],"collection":[{"href":"https:\/\/pcce.com.ar\/pcce\/wp-json\/wp\/v2\/posts"}],"about":[{"href":"https:\/\/pcce.com.ar\/pcce\/wp-json\/wp\/v2\/types\/post"}],"author":[{"embeddable":true,"href":"https:\/\/pcce.com.ar\/pcce\/wp-json\/wp\/v2\/users\/3"}],"replies":[{"embeddable":true,"href":"https:\/\/pcce.com.ar\/pcce\/wp-json\/wp\/v2\/comments?post=26012"}],"version-history":[{"count":0,"href":"https:\/\/pcce.com.ar\/pcce\/wp-json\/wp\/v2\/posts\/26012\/revisions"}],"wp:featuredmedia":[{"embeddable":true,"href":"https:\/\/pcce.com.ar\/pcce\/wp-json\/wp\/v2\/media\/26028"}],"wp:attachment":[{"href":"https:\/\/pcce.com.ar\/pcce\/wp-json\/wp\/v2\/media?parent=26012"}],"wp:term":[{"taxonomy":"category","embeddable":true,"href":"https:\/\/pcce.com.ar\/pcce\/wp-json\/wp\/v2\/categories?post=26012"},{"taxonomy":"post_tag","embeddable":true,"href":"https:\/\/pcce.com.ar\/pcce\/wp-json\/wp\/v2\/tags?post=26012"}],"curies":[{"name":"wp","href":"https:\/\/api.w.org\/{rel}","templated":true}]}}