{"id":26085,"date":"2025-10-13T14:40:42","date_gmt":"2025-10-13T17:40:42","guid":{"rendered":"https:\/\/pcce.com.ar\/pcce\/?p=26085"},"modified":"2025-10-13T14:40:42","modified_gmt":"2025-10-13T17:40:42","slug":"una-derrota-tras-otra-un-gobierno-para-el-cachetazo","status":"publish","type":"post","link":"https:\/\/pcce.com.ar\/pcce\/2025\/10\/13\/una-derrota-tras-otra-un-gobierno-para-el-cachetazo\/","title":{"rendered":"UNA DERROTA TRAS OTRA: Un gobierno para el cachetazo"},"content":{"rendered":"<h4>UNA DERROTA TRAS OTRA<\/h4>\n<h1>Un gobierno para el cachetazo<\/h1>\n<p class=\"p1\"><span class=\"s1\">En la econom\u00eda se acumulan evidencias sobre ca\u00eddas en la actividad industrial, el comercio, el empleo, el consumo, las ventas de los supermercados. Hasta empresas \u201ctecnol\u00f3gicas\u201d consideradas hasta hace poco exitosas, como Globant, despidieron a m\u00e1s de 450 empleados. Distintas formas de unidad y organizaci\u00f3n se vienen dando, con presencia multisectorial de laburantes y de todos los afectados por el modelo. El Frente de Lucha por la Soberan\u00eda, el Trabajo Digno y los Salarios Justos (en el que se superponen algunos sindicatos de la CGT y las dos ramas de la Central de Trabajadores Argentinos) sali\u00f3 a la calle en la multitudinaria marcha del d\u00eda de San Cayetano.<\/span><\/p>\n<p class=\"p1\"><span class=\"s1\">Por abajo, la Federaci\u00f3n de Obreros Ceramistas (Focra) volvi\u00f3 a la calle al concentrarse en la puerta de la Uni\u00f3n Industrial Argentina (UIA) para denunciar los m\u00e1s de 300 despidos en la planta de Cer\u00e1micos Ilva de Pilar y reclamar por salarios adeudados. La protesta cont\u00f3 con el apoyo de trabajadores de otras plantas como Cortines de Luj\u00e1n. La crisis de Ilva no es un caso aislado. A lo largo de este a\u00f1o, otras plantas enfrentaron conflictos similares con suspensiones, despidos y rebajas salariales en el marco de la ca\u00edda de la construcci\u00f3n y la apertura de importaciones.<\/span><\/p>\n<p class=\"p1\"><span class=\"s1\">Otro ejemplo es el de la confederaci\u00f3n de sindicatos industriales, que nuclea a 37 gremios de trabajadores de la actividad manufacturera y conexas, eligi\u00f3 el D\u00eda de la Industria para lanzar un duro pronunciamiento contra\u00a0las pol\u00edticas econ\u00f3micas del gobierno y denunciar a las organizaciones empresariales \u201cque apoyaron un plan que s\u00f3lo provoc\u00f3 un colapso productivo, destrucci\u00f3n del empleo industrial y avance de la precarizaci\u00f3n laboral\u201d. Hace un mes la empleada de la patronal, Florencia Arietto, tuvo que salir carpiendo de una f\u00e1brica en Santa Fe. Los trabajadores no le dieron tiempo ni a empezar su show.<\/span><\/p>\n<p class=\"p1\"><span class=\"s1\">Cada semana el gobierno bate un r\u00e9cord de derrotas parlamentarias. Cada vez m\u00e1s amplia es la mayor\u00eda que rechaza sus vetos como a la emergencia en discapacidad, pedi\u00e1trica, el financiamiento universitario y a la ley de Reparto de los Aportes del Tesoro Nacional (ATN). Como si fuera poco, se le suma el esc\u00e1ndalo del narco diputado Espert que ya renunci\u00f3 a la presidencia de la comisi\u00f3n de Presupuesto y es probable que se tome licencia si es que no lo desafueran antes.<\/span><\/p>\n<p class=\"p1\"><span class=\"s1\">Los cachetazos que le propina el Congreso toman fuerza de la potencia del pueblo en la calle. Cada vez m\u00e1s nutridas las manifestaciones en contra de las pol\u00edticas de Milei, cada vez m\u00e1s conflictos abiertos. El clima social se recalienta en una magnitud inversamente proporcional al enfriamiento de la econom\u00eda nacional. El palacio huele de lejos que el viento cambia y hasta los sectores del poder concentrado empiezan a despegarse del payaso que se pasea por la Rosada.<\/span><\/p>\n<p class=\"p1\"><span class=\"s1\">El presidente monigote no puede salir a la calle a hacer campa\u00f1a, donde va lo recibe el pueblo en repudio. Comenz\u00f3 en Jun\u00edn donde la cosa se puso \u00e1spera y continu\u00f3 en cada rinc\u00f3n donde se presentan, aun en lugares que les fueron favorables en las elecciones presidenciales. La reacci\u00f3n social en defensa del trabajo y de los bienes p\u00fablicos, como la salud y la educaci\u00f3n, gratuitos y de calidad, es proporcional al da\u00f1o causado por el gobierno y se multiplica en movilizaciones enormes en todo el pa\u00eds.<\/span><\/p>\n<p class=\"p1\"><span class=\"s1\">El Poder Legislativo es decisivo para contener los embates de Milei y el pueblo en la calle para convencer a los centristas y republicanos que tienen el dedo flojo para brindarle la gobernabilidad que exige el FMI y el Departamento de Estado. Con mucho esfuerzo, con jubilados y jubiladas que son reprimidas todos los mi\u00e9rcoles se va armando esta melod\u00eda un poco sincopada. En octubre hay cita ineludible para cerrarle un poco m\u00e1s la puerta a la mugre que nos gobierna.<\/span><\/p>\n","protected":false},"excerpt":{"rendered":"<p>UNA DERROTA TRAS OTRA Un gobierno para el cachetazo En la econom\u00eda se acumulan evidencias sobre ca\u00eddas en la actividad industrial, el comercio, el empleo, el consumo, las ventas de los supermercados. Hasta empresas \u201ctecnol\u00f3gicas\u201d consideradas hasta hace poco exitosas, como Globant, despidieron a m\u00e1s de 450 empleados. Distintas formas de unidad y organizaci\u00f3n se [&hellip;]<\/p>\n","protected":false},"author":3,"featured_media":26095,"comment_status":"closed","ping_status":"closed","sticky":false,"template":"","format":"standard","meta":{"tdm_status":"","tdm_grid_status":"","footnotes":""},"categories":[4,19],"tags":[],"class_list":["post-26085","post","type-post","status-publish","format-standard","has-post-thumbnail","hentry","category-featured","category-pagina2"],"_links":{"self":[{"href":"https:\/\/pcce.com.ar\/pcce\/wp-json\/wp\/v2\/posts\/26085","targetHints":{"allow":["GET"]}}],"collection":[{"href":"https:\/\/pcce.com.ar\/pcce\/wp-json\/wp\/v2\/posts"}],"about":[{"href":"https:\/\/pcce.com.ar\/pcce\/wp-json\/wp\/v2\/types\/post"}],"author":[{"embeddable":true,"href":"https:\/\/pcce.com.ar\/pcce\/wp-json\/wp\/v2\/users\/3"}],"replies":[{"embeddable":true,"href":"https:\/\/pcce.com.ar\/pcce\/wp-json\/wp\/v2\/comments?post=26085"}],"version-history":[{"count":0,"href":"https:\/\/pcce.com.ar\/pcce\/wp-json\/wp\/v2\/posts\/26085\/revisions"}],"wp:featuredmedia":[{"embeddable":true,"href":"https:\/\/pcce.com.ar\/pcce\/wp-json\/wp\/v2\/media\/26095"}],"wp:attachment":[{"href":"https:\/\/pcce.com.ar\/pcce\/wp-json\/wp\/v2\/media?parent=26085"}],"wp:term":[{"taxonomy":"category","embeddable":true,"href":"https:\/\/pcce.com.ar\/pcce\/wp-json\/wp\/v2\/categories?post=26085"},{"taxonomy":"post_tag","embeddable":true,"href":"https:\/\/pcce.com.ar\/pcce\/wp-json\/wp\/v2\/tags?post=26085"}],"curies":[{"name":"wp","href":"https:\/\/api.w.org\/{rel}","templated":true}]}}