{"id":26103,"date":"2025-10-13T14:37:21","date_gmt":"2025-10-13T17:37:21","guid":{"rendered":"https:\/\/pcce.com.ar\/pcce\/?p=26103"},"modified":"2025-10-13T14:37:21","modified_gmt":"2025-10-13T17:37:21","slug":"el-tunon-yo-vengo-a-ofrecer-mi-corazon","status":"publish","type":"post","link":"https:\/\/pcce.com.ar\/pcce\/2025\/10\/13\/el-tunon-yo-vengo-a-ofrecer-mi-corazon\/","title":{"rendered":"EL TU\u00d1\u00d3N: Yo vengo a ofrecer mi coraz\u00f3n"},"content":{"rendered":"<h4>EL TU\u00d1\u00d3N<\/h4>\n<h1>Yo vengo a ofrecer mi coraz\u00f3n<\/h1>\n<p class=\"p1\"><span class=\"s1\">El pasado 6 de septiembre se celebr\u00f3 en el Centro Cultural El Tu\u00f1\u00f3n el 1\u00b0 Slam Po\u00e9tico: premio Ra\u00fal Gonz\u00e1lez Tu\u00f1\u00f3n.\u00a0La iniciativa surgi\u00f3 en el taller literario que se lleva a cabo los d\u00edas jueves en nuestro espacio cultural de Avellaneda. Atravesados por un contexto social y econ\u00f3mico que nos interpela, la poes\u00eda viene a se\u00f1alar y cuestionar principios y valores que como ciudadanos comprometidos intentamos cambiar. Buscamos defender aquellos principios que priorizan la vida y los lazos afectivos que se construyen a partir de la solidaridad y la empat\u00eda. Por ello, el slogan del concurso Yo vengo a ofrecer mi coraz\u00f3n ofici\u00f3 como una alegor\u00eda frente al crimen genocida que Israel impone al pueblo palestino.\u00a0<\/span><\/p>\n<p class=\"p1\"><span class=\"s1\">El encuentro inici\u00f3 con el poema La complicidad de los callados, obra escrita como un grito desesperado frente al silencio de los poderosos. Y continu\u00f3 luego, con la lectura de poes\u00edas en las que los participantes, j\u00f3venes poetas de Wilde, Florencio Varela, Quilmes, Temperley y otras localidades vecinas, sumaron sus voces, contagiando al p\u00fablico presente que tambi\u00e9n leyeron obras a trav\u00e9s del micr\u00f3fono abierto. As\u00ed fue que se pudieron apreciar los versos de Benedetti, Idea Vilari\u00f1o, Juan Sol\u00e1, Mat\u00edas de Rioja, Alfonsina Storni, entre otros.\u00a0<\/span><\/p>\n<p class=\"p1\"><span class=\"s1\">La palabra tiene un poder simb\u00f3lico. En tiempos de oprobio y violencia es ella nuestra mayor aliada. Un refugio y nuestra arma m\u00e1s poderosa. Es por eso que nos enorgullece formar parte de la cultura popular y premiar a las nuevas voces que escriben con poes\u00eda la libertad, el amor y la paz; junto a la posibilidad de seguir so\u00f1ando un mundo m\u00e1s justo.\u00a0<\/span><\/p>\n<p class=\"p1\"><span class=\"s1\">Felicitamos tambi\u00e9n a los concursantes que con obras propias y originales protagonizaron la noche: a la joven Isabella Loaiza Ramos que con solo 14 a\u00f1os, comparti\u00f3 su texto y se llev\u00f3 el Diploma por su participaci\u00f3n destacada. A las poetas Malena Meilan y Nancy Coria y al poseedor del Premio Tu\u00f1\u00f3n: Mat\u00edas Airala.\u00a0Y repetimos, nuevamente, como as\u00ed se hizo en el Slam: \u00a1No a la guerra! \u00a1Palestina Libre!<\/span><\/p>\n","protected":false},"excerpt":{"rendered":"<p>EL TU\u00d1\u00d3N Yo vengo a ofrecer mi coraz\u00f3n El pasado 6 de septiembre se celebr\u00f3 en el Centro Cultural El Tu\u00f1\u00f3n el 1\u00b0 Slam Po\u00e9tico: premio Ra\u00fal Gonz\u00e1lez Tu\u00f1\u00f3n.\u00a0La iniciativa surgi\u00f3 en el taller literario que se lleva a cabo los d\u00edas jueves en nuestro espacio cultural de Avellaneda. Atravesados por un contexto social y [&hellip;]<\/p>\n","protected":false},"author":3,"featured_media":26108,"comment_status":"closed","ping_status":"closed","sticky":false,"template":"","format":"standard","meta":{"tdm_status":"","tdm_grid_status":"","footnotes":""},"categories":[4,9],"tags":[],"class_list":["post-26103","post","type-post","status-publish","format-standard","has-post-thumbnail","hentry","category-featured","category-vidadepartido"],"_links":{"self":[{"href":"https:\/\/pcce.com.ar\/pcce\/wp-json\/wp\/v2\/posts\/26103","targetHints":{"allow":["GET"]}}],"collection":[{"href":"https:\/\/pcce.com.ar\/pcce\/wp-json\/wp\/v2\/posts"}],"about":[{"href":"https:\/\/pcce.com.ar\/pcce\/wp-json\/wp\/v2\/types\/post"}],"author":[{"embeddable":true,"href":"https:\/\/pcce.com.ar\/pcce\/wp-json\/wp\/v2\/users\/3"}],"replies":[{"embeddable":true,"href":"https:\/\/pcce.com.ar\/pcce\/wp-json\/wp\/v2\/comments?post=26103"}],"version-history":[{"count":0,"href":"https:\/\/pcce.com.ar\/pcce\/wp-json\/wp\/v2\/posts\/26103\/revisions"}],"wp:featuredmedia":[{"embeddable":true,"href":"https:\/\/pcce.com.ar\/pcce\/wp-json\/wp\/v2\/media\/26108"}],"wp:attachment":[{"href":"https:\/\/pcce.com.ar\/pcce\/wp-json\/wp\/v2\/media?parent=26103"}],"wp:term":[{"taxonomy":"category","embeddable":true,"href":"https:\/\/pcce.com.ar\/pcce\/wp-json\/wp\/v2\/categories?post=26103"},{"taxonomy":"post_tag","embeddable":true,"href":"https:\/\/pcce.com.ar\/pcce\/wp-json\/wp\/v2\/tags?post=26103"}],"curies":[{"name":"wp","href":"https:\/\/api.w.org\/{rel}","templated":true}]}}