{"id":26131,"date":"2025-11-06T09:51:07","date_gmt":"2025-11-06T12:51:07","guid":{"rendered":"https:\/\/pcce.com.ar\/pcce\/?p=26131"},"modified":"2025-11-06T09:51:07","modified_gmt":"2025-11-06T12:51:07","slug":"unla-el-pueblo-organizado-vence","status":"publish","type":"post","link":"https:\/\/pcce.com.ar\/pcce\/2025\/11\/06\/unla-el-pueblo-organizado-vence\/","title":{"rendered":"UNLA: El pueblo organizado vence"},"content":{"rendered":"<h4 class=\"p1\"><span class=\"s1\">UNLA<\/span><\/h4>\n<h1 class=\"p1\"><span class=\"s1\">El pueblo organizado vence<\/span><\/h1>\n<p class=\"p1\"><span class=\"s1\">Una vez m\u00e1s, la fuerza de la organizaci\u00f3n de la clase trabajadora demuestra su potencia. Con una contundente participaci\u00f3n del 46% del padr\u00f3n y un respaldo del 99.6% a la lista Verde-Granate, lxs docentes e investigadores de la Universidad Nacional de Lan\u00fas (UNLa) han proclamado democr\u00e1ticamente a la nueva Comisi\u00f3n Directiva de ADUNLA para el per\u00edodo 2025-2029.<\/span><\/p>\n<p class=\"p1\"><span class=\"s1\">Este resultado no es casual; es la consecuencia directa de una construcci\u00f3n sostenida, de la lucha inquebrantable en las calles contra el desfinanciamiento de la educaci\u00f3n p\u00fablica y de una verdad hist\u00f3rica: la unidad desde las bases como \u00fanico camino para enfrentar los embates del ajuste. La victoria en las urnas es un reflejo de la victoria en la conciencia de lxs trabajadorxs, que reconocen en su gremio la herramienta fundamental de defensa de sus derechos.<\/span><\/p>\n<p class=\"p1\"><span class=\"s1\">Este triunfo se ve fortalecido con el apoyo activo de 43 nuevos docentes recientemente interinos, demostrando que la organizaci\u00f3n sindical crece, se renueva y se fortalece con la savia nueva de la militancia. En este marco, celebramos que la nueva Comisi\u00f3n Directiva incorpore a la Secretar\u00eda de Juventud al camarada Lucas, docente e investigador de la UNLa y militante de nuestro Partido, ratificando nuestro compromiso con la formaci\u00f3n de cuadros en el movimiento obrero y la defensa de los derechos de los trabajadores m\u00e1s j\u00f3venes.<\/span><\/p>\n<p class=\"p1\"><span class=\"s1\">\u201cEn un contexto marcado por un fuerte ajuste del gobierno nacional, las y los docentes de la UNLa brindaron masivamente el apoyo a la lista Verde-Granate que obtuvo un 99,6% de votos positivos y voto m\u00e1s de la mitad del padr\u00f3n de afiliadxs. Lxs docentes saben que de esta crisis del sistema universitario se sale con mas organizaci\u00f3n colectiva y con m\u00e1s solidaridad\u2026\u201d, <strong>Juan Dinato, secretario gremial reelecto.<\/strong><\/span><\/p>\n<p class=\"p1\"><span class=\"s1\">La batalla cultural e ideol\u00f3gica se gana con hechos, y este acto electoral, cargado de calidez y fraternidad de clase, es uno contundente. Seguiremos impulsando la m\u00e1s amplia unidad de lxs trabajadorxs de la educaci\u00f3n, fortaleciendo los gremios como trincheras de lucha y construyendo, desde cada lugar de trabajo, el poder popular que nuestro pueblo necesita para transformar la realidad.<\/span><\/p>\n<p class=\"p1\"><span class=\"s1\">\u201cEl objetivo es aportar a la unidad de lxs trabajadorxs de la educaci\u00f3n, fortaleciendo los gremios como trincheras de lucha y construyendo, desde cada lugar de trabajo, el poder popular que nuestro pueblo necesita para transformar la realidad\u2026\u201d <strong>Lucas Ag\u00fcero, secretario de juventud.<\/strong><\/span><\/p>\n<p class=\"p1\"><span class=\"s1\">\u00a1Sigamos organizados para defender la Educaci\u00f3n P\u00fablica!<\/span><\/p>\n<p class=\"p1\"><span class=\"s1\">\u00a1Por m\u00e1s gremio, m\u00e1s lucha y m\u00e1s unidad!<\/span><\/p>\n","protected":false},"excerpt":{"rendered":"<p>UNLA El pueblo organizado vence Una vez m\u00e1s, la fuerza de la organizaci\u00f3n de la clase trabajadora demuestra su potencia. Con una contundente participaci\u00f3n del 46% del padr\u00f3n y un respaldo del 99.6% a la lista Verde-Granate, lxs docentes e investigadores de la Universidad Nacional de Lan\u00fas (UNLa) han proclamado democr\u00e1ticamente a la nueva Comisi\u00f3n [&hellip;]<\/p>\n","protected":false},"author":3,"featured_media":26145,"comment_status":"closed","ping_status":"closed","sticky":false,"template":"","format":"standard","meta":{"tdm_status":"","tdm_grid_status":"","footnotes":""},"categories":[4,9],"tags":[],"class_list":["post-26131","post","type-post","status-publish","format-standard","has-post-thumbnail","hentry","category-featured","category-vidadepartido"],"_links":{"self":[{"href":"https:\/\/pcce.com.ar\/pcce\/wp-json\/wp\/v2\/posts\/26131","targetHints":{"allow":["GET"]}}],"collection":[{"href":"https:\/\/pcce.com.ar\/pcce\/wp-json\/wp\/v2\/posts"}],"about":[{"href":"https:\/\/pcce.com.ar\/pcce\/wp-json\/wp\/v2\/types\/post"}],"author":[{"embeddable":true,"href":"https:\/\/pcce.com.ar\/pcce\/wp-json\/wp\/v2\/users\/3"}],"replies":[{"embeddable":true,"href":"https:\/\/pcce.com.ar\/pcce\/wp-json\/wp\/v2\/comments?post=26131"}],"version-history":[{"count":0,"href":"https:\/\/pcce.com.ar\/pcce\/wp-json\/wp\/v2\/posts\/26131\/revisions"}],"wp:featuredmedia":[{"embeddable":true,"href":"https:\/\/pcce.com.ar\/pcce\/wp-json\/wp\/v2\/media\/26145"}],"wp:attachment":[{"href":"https:\/\/pcce.com.ar\/pcce\/wp-json\/wp\/v2\/media?parent=26131"}],"wp:term":[{"taxonomy":"category","embeddable":true,"href":"https:\/\/pcce.com.ar\/pcce\/wp-json\/wp\/v2\/categories?post=26131"},{"taxonomy":"post_tag","embeddable":true,"href":"https:\/\/pcce.com.ar\/pcce\/wp-json\/wp\/v2\/tags?post=26131"}],"curies":[{"name":"wp","href":"https:\/\/api.w.org\/{rel}","templated":true}]}}