{"id":26133,"date":"2025-11-06T09:47:45","date_gmt":"2025-11-06T12:47:45","guid":{"rendered":"https:\/\/pcce.com.ar\/pcce\/?p=26133"},"modified":"2025-11-06T09:47:45","modified_gmt":"2025-11-06T12:47:45","slug":"caba-otro-embate-contra-la-educacion","status":"publish","type":"post","link":"https:\/\/pcce.com.ar\/pcce\/2025\/11\/06\/caba-otro-embate-contra-la-educacion\/","title":{"rendered":"CABA: Otro embate contra la educaci\u00f3n"},"content":{"rendered":"<h4 class=\"p1\"><span class=\"s1\">CABA<\/span><\/h4>\n<h1 class=\"p1\"><span class=\"s1\">Otro embate contra la educaci\u00f3n<\/span><\/h1>\n<p class=\"p1\"><span class=\"s1\">El Gobierno de la Ciudad de Buenos Aires avanza con un nuevo atropello a la educaci\u00f3n y a sus instituciones. En el marco de pol\u00edticas que buscan el vaciamiento, control y cierre de los Institutos de Formaci\u00f3n Docente, el Ministerio de Educaci\u00f3n porte\u00f1o pretende imponer un nuevo Reglamento Org\u00e1nico Marco (ROM). El ROM busca reemplazar los reglamentos propios de cada instituci\u00f3n, en un proceso muy poco transparente, con poca informaci\u00f3n y participaci\u00f3n de la comunidad educativa.<\/span><\/p>\n<p class=\"p1\"><span class=\"s1\">La aplicaci\u00f3n del ROM tendr\u00eda como consecuencia una concentraci\u00f3n de poder resolutivo en el Rectorado. Adem\u00e1s, tendr\u00edan obligaci\u00f3n de elevar informes, rendiciones y diagn\u00f3sticos al Ministerio de Educaci\u00f3n. Los \u00f3rganos de co-gobierno pasan a ser meros organismos de car\u00e1cter consultivo. Modifica tambi\u00e9n los periodos de mandato y reelecci\u00f3n, elimina instancias medias e internas de planificaci\u00f3n y resoluci\u00f3n, lo que implica casi nulo margen institucional y mayor dependencia del Ministerio.<\/span><\/p>\n<p class=\"p1\"><span class=\"s1\">En suma, el Gobierno de CABA recorta la autonom\u00eda de los profesorados, su capacidad pol\u00edtica y resolutiva. Desarma la democracia interna y pretende tener funcionarios bajo la dependencia ministerial en otro intento por controlar quienes, como y con qu\u00e9 se forman a nuestros docentes.<\/span><\/p>\n<p class=\"p1\"><span class=\"s1\">Debemos que seguir creciendo y organizando en los profesorados para fortalecer la lucha por la educaci\u00f3n.<\/span><\/p>\n","protected":false},"excerpt":{"rendered":"<p>CABA Otro embate contra la educaci\u00f3n El Gobierno de la Ciudad de Buenos Aires avanza con un nuevo atropello a la educaci\u00f3n y a sus instituciones. En el marco de pol\u00edticas que buscan el vaciamiento, control y cierre de los Institutos de Formaci\u00f3n Docente, el Ministerio de Educaci\u00f3n porte\u00f1o pretende imponer un nuevo Reglamento Org\u00e1nico [&hellip;]<\/p>\n","protected":false},"author":3,"featured_media":25522,"comment_status":"closed","ping_status":"closed","sticky":false,"template":"","format":"standard","meta":{"tdm_status":"","tdm_grid_status":"","footnotes":""},"categories":[4,9],"tags":[],"class_list":["post-26133","post","type-post","status-publish","format-standard","has-post-thumbnail","hentry","category-featured","category-vidadepartido"],"_links":{"self":[{"href":"https:\/\/pcce.com.ar\/pcce\/wp-json\/wp\/v2\/posts\/26133","targetHints":{"allow":["GET"]}}],"collection":[{"href":"https:\/\/pcce.com.ar\/pcce\/wp-json\/wp\/v2\/posts"}],"about":[{"href":"https:\/\/pcce.com.ar\/pcce\/wp-json\/wp\/v2\/types\/post"}],"author":[{"embeddable":true,"href":"https:\/\/pcce.com.ar\/pcce\/wp-json\/wp\/v2\/users\/3"}],"replies":[{"embeddable":true,"href":"https:\/\/pcce.com.ar\/pcce\/wp-json\/wp\/v2\/comments?post=26133"}],"version-history":[{"count":0,"href":"https:\/\/pcce.com.ar\/pcce\/wp-json\/wp\/v2\/posts\/26133\/revisions"}],"wp:featuredmedia":[{"embeddable":true,"href":"https:\/\/pcce.com.ar\/pcce\/wp-json\/wp\/v2\/media\/25522"}],"wp:attachment":[{"href":"https:\/\/pcce.com.ar\/pcce\/wp-json\/wp\/v2\/media?parent=26133"}],"wp:term":[{"taxonomy":"category","embeddable":true,"href":"https:\/\/pcce.com.ar\/pcce\/wp-json\/wp\/v2\/categories?post=26133"},{"taxonomy":"post_tag","embeddable":true,"href":"https:\/\/pcce.com.ar\/pcce\/wp-json\/wp\/v2\/tags?post=26133"}],"curies":[{"name":"wp","href":"https:\/\/api.w.org\/{rel}","templated":true}]}}