{"id":26135,"date":"2025-11-06T09:49:28","date_gmt":"2025-11-06T12:49:28","guid":{"rendered":"https:\/\/pcce.com.ar\/pcce\/?p=26135"},"modified":"2025-11-06T09:49:28","modified_gmt":"2025-11-06T12:49:28","slug":"amba-una-campana-con-identidad-y-ofensiva","status":"publish","type":"post","link":"https:\/\/pcce.com.ar\/pcce\/2025\/11\/06\/amba-una-campana-con-identidad-y-ofensiva\/","title":{"rendered":"AMBA: Una campa\u00f1a con identidad y ofensiva"},"content":{"rendered":"<h4 class=\"p1\"><span class=\"s1\">AMBA<\/span><\/h4>\n<h1 class=\"p1\"><span class=\"s1\">Una campa\u00f1a con identidad y ofensiva<\/span><\/h1>\n<p class=\"p1\"><span class=\"s1\">Fueron semanas de mucha agitaci\u00f3n las que precedieron a las elecciones de octubre. Con nuestras banderas rojas, volantes, afiches y Nuestra Palabra los comunistas estuvimos presentes en el conurbano y la Ciudad de Buenos Aires. Con optimismo y voluntad salimos al encuentro de nuestro pueblo con la clara convicci\u00f3n de que el aporte del Partido a la campa\u00f1a por los candidatos de Fuerza Patria implicaba mucho m\u00e1s que la difusi\u00f3n de lista de diputados y senadores, se trataba de plantear la siempre vigente disputa de dos modelos en pugna, tanto en el pa\u00eds como en la regi\u00f3n latinoamericana.<\/span><\/p>\n<p class=\"p1\"><span class=\"s1\">Ya sea en el AMBA como en el interior bonaerense nos encontramos con laburantes, jubilados y estudiantes, compa\u00f1eros del campo nacional y popular de muchas identidades, pero con una clara identificaci\u00f3n del momento que atraviesa nuestra Patria. Ya fuera en los gazebos militantes de la zona sur del conurbano, en recorridas con vecinos de los barrios de la zona oeste, piqueteando la NP en estaciones de tren del norte, o en afichadas, mesitas y timbreadas en la Capital, pusimos en valor la identidad comunista y kirchnerista. Nuestra experiencia en la calle re\u00fane cientos de testimonios de c\u00f3mo el pueblo sufre el asedio del enemigo fascista neoliberal, pero de ah\u00ed podemos destacar un cambio de calidad: ya no es solo bronca y resignaci\u00f3n lo que cosechamos, sino que empieza a gestarse la solidaridad, la voluntad organizarse y acompa\u00f1ar las luchas de menor a mayor. Entre esos rostros de pueblo, aunque castigados por el ajuste, hab\u00eda pibes que sonre\u00edan al ver la hoz y martillo en nuestras banderas y gritaban \u201c\u00a1aguante la URSS!\u201d, otros que saludaban con el pu\u00f1o en alto. Laburantes que volv\u00edan tarde a sus barrios y que levantaban la frente al leer las palabras \u201ccastigar a Milei\u201d en nuestros volantes y nos contaban que iban a acompa\u00f1ar con el voto. Jubilados y pensionados que manifestaban cari\u00f1o a la figura de Cristina y rechazaban su injusta prisi\u00f3n, y quienes saludaron con palabras de apoyo al gobernador Kicillof. Muchos se acercaron a nuestras mesitas simplemente al ver los colores celeste y blanco del frente Fuerza Patria. Nos dieron aliento, dejaron sus contactos para sumarse a la campa\u00f1a y la fiscalizaci\u00f3n que realizamos en muchas escuelas.<\/span><\/p>\n<p class=\"p1\"><span class=\"s1\">Muchos agradecieron la presencia de una fuerza pol\u00edtica que reivindica lo que es ser de izquierda hoy: no se trata de esa forma marginal y testimonial que tergiversa la palabra \u201cizquierda\u201d para ocupar sillas en el Parlamento y obturar la victoria del proyecto nacional y popular; sino que se necesita una izquierda que exprese otra forma de hacer pol\u00edtica, con actitud militante, creciendo en los movimientos de masas de la mano con compa\u00f1eros del peronismo y otras identidades en la construcci\u00f3n de una salida pol\u00edtica a este modelo de desmembramiento y sumisi\u00f3n de nuestra soberan\u00eda.<\/span><\/p>\n<p class=\"p1\"><span class=\"s1\">En la calle nos plantamos en la campa\u00f1a de octubre, all\u00ed seguiremos junto a nuestro pueblo en esta etapa de resistencia.<\/span><\/p>\n","protected":false},"excerpt":{"rendered":"<p>AMBA Una campa\u00f1a con identidad y ofensiva Fueron semanas de mucha agitaci\u00f3n las que precedieron a las elecciones de octubre. Con nuestras banderas rojas, volantes, afiches y Nuestra Palabra los comunistas estuvimos presentes en el conurbano y la Ciudad de Buenos Aires. Con optimismo y voluntad salimos al encuentro de nuestro pueblo con la clara [&hellip;]<\/p>\n","protected":false},"author":3,"featured_media":26143,"comment_status":"closed","ping_status":"closed","sticky":false,"template":"","format":"standard","meta":{"tdm_status":"","tdm_grid_status":"","footnotes":""},"categories":[4,9],"tags":[],"class_list":["post-26135","post","type-post","status-publish","format-standard","has-post-thumbnail","hentry","category-featured","category-vidadepartido"],"_links":{"self":[{"href":"https:\/\/pcce.com.ar\/pcce\/wp-json\/wp\/v2\/posts\/26135","targetHints":{"allow":["GET"]}}],"collection":[{"href":"https:\/\/pcce.com.ar\/pcce\/wp-json\/wp\/v2\/posts"}],"about":[{"href":"https:\/\/pcce.com.ar\/pcce\/wp-json\/wp\/v2\/types\/post"}],"author":[{"embeddable":true,"href":"https:\/\/pcce.com.ar\/pcce\/wp-json\/wp\/v2\/users\/3"}],"replies":[{"embeddable":true,"href":"https:\/\/pcce.com.ar\/pcce\/wp-json\/wp\/v2\/comments?post=26135"}],"version-history":[{"count":0,"href":"https:\/\/pcce.com.ar\/pcce\/wp-json\/wp\/v2\/posts\/26135\/revisions"}],"wp:featuredmedia":[{"embeddable":true,"href":"https:\/\/pcce.com.ar\/pcce\/wp-json\/wp\/v2\/media\/26143"}],"wp:attachment":[{"href":"https:\/\/pcce.com.ar\/pcce\/wp-json\/wp\/v2\/media?parent=26135"}],"wp:term":[{"taxonomy":"category","embeddable":true,"href":"https:\/\/pcce.com.ar\/pcce\/wp-json\/wp\/v2\/categories?post=26135"},{"taxonomy":"post_tag","embeddable":true,"href":"https:\/\/pcce.com.ar\/pcce\/wp-json\/wp\/v2\/tags?post=26135"}],"curies":[{"name":"wp","href":"https:\/\/api.w.org\/{rel}","templated":true}]}}