{"id":26161,"date":"2025-12-05T15:56:06","date_gmt":"2025-12-05T18:56:06","guid":{"rendered":"https:\/\/pcce.com.ar\/pcce\/?p=26161"},"modified":"2025-12-05T15:56:06","modified_gmt":"2025-12-05T18:56:06","slug":"provincia-de-buenos-aires-dos-programas-financieros-dos-proyectos-de-pais","status":"publish","type":"post","link":"https:\/\/pcce.com.ar\/pcce\/2025\/12\/05\/provincia-de-buenos-aires-dos-programas-financieros-dos-proyectos-de-pais\/","title":{"rendered":"PROVINCIA DE BUENOS AIRES: Dos programas financieros, dos proyectos de pa\u00eds"},"content":{"rendered":"<h4 class=\"p1\"><span class=\"s1\">PROVINCIA DE BUENOS AIRES<\/span><\/h4>\n<h1 class=\"p1\"><span class=\"s1\">Dos programas financieros, <\/span><span class=\"s1\">dos proyectos de pa\u00eds<\/span><\/h1>\n<p class=\"p1\"><span class=\"s1\">La Legislatura bonaerense aprob\u00f3 el presupuesto y una ley fiscal impositiva equilibrada, no as\u00ed la ley de financiamiento, en la que el gobierno pide autorizaci\u00f3n para endeudarse por hasta USD 3.038 millones, lo que requiere de una mayor\u00eda parlamentaria especial. Cabe destacar que el presupuesto provincial pas\u00f3 de $34 billones en 2025 para hacer un dique frente a las pol\u00edticas nacionales de ajuste, a $41,4 billones proyectados para el 2026.<\/span><\/p>\n<p class=\"p1\"><span class=\"s1\">Este esfuerzo en el incremento de la inversi\u00f3n no se da en cualquier contexto. Javier Milei amenaz\u00f3 hace unos meses con una intervenci\u00f3n de PBA, le adeuda a la provincia un total de $12,9 billones en concepto de deudas directas, fondos previsionales, obras p\u00fablicas abandonadas y programas nacionales. La emergencia econ\u00f3mica se materializa en un 5,7% de ca\u00edda de la actividad econ\u00f3mica, 175 mil despidos y 5 mil empresas cerradas. Cabe la aclaraci\u00f3n de que Buenos Aires no es una provincia que elige endeudarse. El endeudamiento no es la matriz de su pol\u00edtica econ\u00f3mica, ni esta deuda es nueva, como si lo es en el caso nacional, por m\u00e1s de USD 90 mil millones. Es la deuda heredada del gobierno de Vidal, por lo cual esta gesti\u00f3n enfrenta por un lado esos vencimientos, y por otro,\u00a0 la necesidad de poder sostener la inversi\u00f3n social y con la continuidad del plan de obras como motor del crecimiento econ\u00f3mico.<\/span><\/p>\n<p class=\"p1\"><span class=\"s1\">En conferencia de prensa, el gobernador Axel Kicillof afirm\u00f3: \u201cTras haber reducido la carga de la deuda que recibimos y de los intereses, no estamos pidiendo fondos extraordinarios ni estamos tomando nueva deuda para obras fara\u00f3nicas. Con este proyecto simplemente estamos solicitando los recursos necesarios para cubrir los vencimientos y sostener el normal funcionamiento de la provincia. Buscamos tambi\u00e9n aportar a los municipios que tienen que afrontar cada d\u00eda m\u00e1s dificultades en un contexto en el que la recaudaci\u00f3n se contrae y las necesidades aumentan. Por m\u00e1s dificultades que tengamos, en la Provincia no vamos a actuar con negligencia o desprecio: la respuesta nunca va a ser que no hay plata, sino analizar qu\u00e9 podemos hacer para acompa\u00f1ar a los que sufren. En estos dos a\u00f1os fuimos objeto de una in\u00e9dita situaci\u00f3n en la que el Gobierno nacional busca asediar y ahogar financieramente a nuestra provincia. A pesar de eso, la Provincia nunca se detuvo y seguimos haciendo las obras que necesita nuestro pueblo: cuidamos la austeridad, pero con sensibilidad, sin trasladarla a los bonaerenses que sufren la crisis econ\u00f3mica. No estamos dispuestos a afrontar los vencimientos de deuda con recursos que se detraigan de los presupuestos para la salud y la educaci\u00f3n: la Legislatura debe decidir para evitar m\u00e1s sufrimiento del pueblo, y en favor del orden econ\u00f3mico y social de nuestra provincia. Con sinceridad, con firmeza y convicci\u00f3n democr\u00e1tica, les pido a los legisladores que apoyen esta ley en favor de los intereses de 17 millones de bonaerenses\u201d.<\/span><\/p>\n<p class=\"p1\"><span class=\"s1\">Frenar y obstaculizar el programa financiero que defiende a las y los bonaerenses del ataque y el ahogo financiero y legal de la Naci\u00f3n, es una lisa y llana irresponsabilidad, e implica ir directamente contra el pueblo bonaerense, que se endeuda en cuotas para comer y que vot\u00f3 en octubre con un ultim\u00e1tum de Trump. Votar la Ley de Financiamiento excede la defensa de Axel y su rol principal en este presente, as\u00ed como en perspectiva. Hay que ser y parecer, estar a la altura y no hacer uso y abuso de la frase tan mentada \u201cnadie se salva solo\u201d, mientras persisten en la pr\u00e1ctica especulaciones y oportunismos que nos pueden llevar a un borde peligroso.\u00a0<\/span><\/p>\n","protected":false},"excerpt":{"rendered":"<p>PROVINCIA DE BUENOS AIRES Dos programas financieros, dos proyectos de pa\u00eds La Legislatura bonaerense aprob\u00f3 el presupuesto y una ley fiscal impositiva equilibrada, no as\u00ed la ley de financiamiento, en la que el gobierno pide autorizaci\u00f3n para endeudarse por hasta USD 3.038 millones, lo que requiere de una mayor\u00eda parlamentaria especial. Cabe destacar que el [&hellip;]<\/p>\n","protected":false},"author":3,"featured_media":26169,"comment_status":"closed","ping_status":"closed","sticky":false,"template":"","format":"standard","meta":{"tdm_status":"","tdm_grid_status":"","footnotes":""},"categories":[4,19],"tags":[],"class_list":["post-26161","post","type-post","status-publish","format-standard","has-post-thumbnail","hentry","category-featured","category-pagina2"],"_links":{"self":[{"href":"https:\/\/pcce.com.ar\/pcce\/wp-json\/wp\/v2\/posts\/26161","targetHints":{"allow":["GET"]}}],"collection":[{"href":"https:\/\/pcce.com.ar\/pcce\/wp-json\/wp\/v2\/posts"}],"about":[{"href":"https:\/\/pcce.com.ar\/pcce\/wp-json\/wp\/v2\/types\/post"}],"author":[{"embeddable":true,"href":"https:\/\/pcce.com.ar\/pcce\/wp-json\/wp\/v2\/users\/3"}],"replies":[{"embeddable":true,"href":"https:\/\/pcce.com.ar\/pcce\/wp-json\/wp\/v2\/comments?post=26161"}],"version-history":[{"count":0,"href":"https:\/\/pcce.com.ar\/pcce\/wp-json\/wp\/v2\/posts\/26161\/revisions"}],"wp:featuredmedia":[{"embeddable":true,"href":"https:\/\/pcce.com.ar\/pcce\/wp-json\/wp\/v2\/media\/26169"}],"wp:attachment":[{"href":"https:\/\/pcce.com.ar\/pcce\/wp-json\/wp\/v2\/media?parent=26161"}],"wp:term":[{"taxonomy":"category","embeddable":true,"href":"https:\/\/pcce.com.ar\/pcce\/wp-json\/wp\/v2\/categories?post=26161"},{"taxonomy":"post_tag","embeddable":true,"href":"https:\/\/pcce.com.ar\/pcce\/wp-json\/wp\/v2\/tags?post=26161"}],"curies":[{"name":"wp","href":"https:\/\/api.w.org\/{rel}","templated":true}]}}