{"id":26229,"date":"2026-03-06T21:44:05","date_gmt":"2026-03-07T00:44:05","guid":{"rendered":"https:\/\/pcce.com.ar\/pcce\/?p=26229"},"modified":"2026-03-06T21:44:05","modified_gmt":"2026-03-07T00:44:05","slug":"reforma-laboral-organizar-la-resistencia-en-cada-lucha","status":"publish","type":"post","link":"https:\/\/pcce.com.ar\/pcce\/2026\/03\/06\/reforma-laboral-organizar-la-resistencia-en-cada-lucha\/","title":{"rendered":"REFORMA LABORAL: Organizar la resistencia en cada lucha"},"content":{"rendered":"<h4><span class=\"s1\">REFORMA LABORAL<\/span><\/h4>\n<h1 class=\"p1\"><span class=\"s1\">Organizar la resistencia en cada lucha<\/span><\/h1>\n<p class=\"p1\"><span class=\"s1\">La norma impactar\u00e1 tanto en las condiciones de trabajo (despidos, vacaciones, jornada laboral, etc.) como en las atribuciones gremiales (restricci\u00f3n inconstitucional del derecho de huelga, desprotecci\u00f3n sindical) y en los jubilados presentes y futuros por el <em>plan platita<\/em> que armaron con el FAL para subvencionar a empresarios y financistas como el ministro Caputo.<\/span><\/p>\n<p class=\"p1\"><span class=\"s1\">En los dos a\u00f1os de la presidencia de Milei cerraron 23 mil empresas, 30 por d\u00eda, la mayor\u00eda de la construcci\u00f3n, del comercio y de la industria manufacturera. 290 mil trabajadores quedaron en la calle. Caen empresas tradicionales, como FATE neum\u00e1ticos, ollas Essen, l\u00e1cteos Ver\u00f3nica, 20 mil kioscos cerraron, adem\u00e1s se fueron del pa\u00eds Exxon Mobil, HSBC, Prudential, Procter &amp; Gamble, Clorox, Xerox Internexa, Petronas, Mercedes Benz, Telef\u00f3nica y muchas m\u00e1s. La precarizaci\u00f3n y la desocupaci\u00f3n vienen en aumento.<\/span><\/p>\n<p class=\"p1\"><span class=\"s1\">En el Parlamento apoyaron el despojo de los derechos a los trabajadores los representantes de LLA, del PRO, los radicales y el MID. Ocho gobernadores de origen peronista (de R\u00edo Negro, Alberto Weretilnek; de Neuqu\u00e9n, Rolando Figueroa, y de Salta, Gustavo S\u00e1enz Osvaldo Jaldo, de Tucum\u00e1n y Ra\u00fal Jalil, de Catamarca), uno de origen sindical (Claudio Vidal, de Santa Cruz) y otro que compiti\u00f3 contra el oficialismo (Hugo Passalacqua, de Misiones) mandaron a votar por la restauraci\u00f3n conservadora.<\/span><\/p>\n<p class=\"p1\"><span class=\"s1\">Hubo seis gobernadores de Uni\u00f3n por la Patria, Axel Kicillof, de la provincia de Buenos Aires; Sergio Ziliotto, de La Pampa; Gustavo Melella, de Tierra del Fuego; El\u00edas Su\u00e1rez, de Santiago del Estero; Gildo Insfr\u00e1n, de Formosa, y Ricardo Quintela, de La Rioja, que formaron un bloque opositor a la reforma laboral. El sindicalismo gerencial, mayoritario en la CGT, cerr\u00f3 filas con el gobierno traicionando abiertamente a los laburantes que deb\u00eda representar.<\/span><\/p>\n<p class=\"p1\"><span class=\"s1\">La conflictividad social viene en aumento. Adem\u00e1s de la continuidad de las movilizaciones sindicales, se multiplican las luchas por sectores y empresas, la ocupaci\u00f3n y lucha de los trabajadores de FATE no constituye un hecho aislado. Como lo destaca un informe reciente de CEPA, entre enero de 2024 y el 5 de febrero de 2026 se registraron al menos 717 casos de conflictividad laboral en la Argentina. El sector m\u00e1s afectado fue la industria, que concentr\u00f3 el 62,1% de los conflictos. La principal causa fueron los despidos (63,6%), seguidos por los cierres de empresas (12,3%), las suspensiones (10%) y las crisis empresarias (7,8%). Durante los primeros dos a\u00f1os de gesti\u00f3n de Milei (enero 2024-febrero 2026), las PYMES fueron las m\u00e1s perjudicadas, representando el 39,1% de los casos; el 75% de las empresas son de capital nacional. En t\u00e9rminos geogr\u00e1ficos, la zona centro del pa\u00eds (Buenos Aires, Santa Fe, C\u00f3rdoba) concentr\u00f3 el 48% de los casos.<\/span><\/p>\n<p class=\"p1\"><span class=\"s1\">Desde las elecciones del 26 de octubre de 2025, los conflictos, lejos de haber disminuido, se intensificaron. Entre enero de 2024 y septiembre de 2025 se hab\u00edan registrado 507 casos (un promedio de 24 por mes). Tras los comicios, el promedio mensual ascendi\u00f3 a 42 casos, acumulando 210 conflictos entre las elecciones y febrero de 2026.<\/span><\/p>\n<p class=\"p1\"><span class=\"s1\">La reforma laboral es completamente regresiva, pro patronal y funcional para los negocios financieros que se van a hacer con los 2.600 millones de d\u00f3lares del Fondo de Asistencia Laboral para favorecer despidos. Est\u00e1 hecha a medida y pedido del capital en la misma l\u00ednea que la Ley Bases, el aumento de las acciones represivas y la entrega de la soberan\u00eda nacional.<\/span><\/p>\n<p class=\"p1\"><span class=\"s1\">Frente a esta coyuntura, el Frente de Sindicatos Unidos, compuesto por sindicatos de pertenecientes a la CGT como la Uni\u00f3n Obrera Metal\u00fargica (UOM), ATE, la CTA Aut\u00f3noma y la CTA de los Trabajadores, Aceiteros y algunas filiales y gremios m\u00e1s peque\u00f1os, convocaron al paro nacional con movilizaciones al Congreso para frenar los planes de desmantelamiento de los derechos laborales, entendiendo que la resistencia se organiza en la lucha y las calles.<\/span><\/p>\n<p class=\"p1\"><span class=\"s1\">El proyecto de Milei es el mismo que el de la dictadura genocida, m\u00e1s all\u00e1 de las formas y las distracciones vino a consolidar un pa\u00eds totalmente dependiente del imperio agonizante que se retuerce al norte del Rio Bravo. El desaf\u00edo del campo nacional y popular y de los sindicatos m\u00e1s combativos es desplegar una acci\u00f3n pol\u00edtica que exprese los intereses m\u00e1s profundos del conjunto de nuestra clase trabajadora, la \u00fanica en condiciones de representar los intereses de todo el pueblo.<\/span><\/p>\n","protected":false},"excerpt":{"rendered":"<p>REFORMA LABORAL Organizar la resistencia en cada lucha La norma impactar\u00e1 tanto en las condiciones de trabajo (despidos, vacaciones, jornada laboral, etc.) como en las atribuciones gremiales (restricci\u00f3n inconstitucional del derecho de huelga, desprotecci\u00f3n sindical) y en los jubilados presentes y futuros por el plan platita que armaron con el FAL para subvencionar a empresarios [&hellip;]<\/p>\n","protected":false},"author":3,"featured_media":26236,"comment_status":"closed","ping_status":"closed","sticky":false,"template":"","format":"standard","meta":{"tdm_status":"","tdm_grid_status":"","footnotes":""},"categories":[4,19],"tags":[],"class_list":["post-26229","post","type-post","status-publish","format-standard","has-post-thumbnail","hentry","category-featured","category-pagina2"],"_links":{"self":[{"href":"https:\/\/pcce.com.ar\/pcce\/wp-json\/wp\/v2\/posts\/26229","targetHints":{"allow":["GET"]}}],"collection":[{"href":"https:\/\/pcce.com.ar\/pcce\/wp-json\/wp\/v2\/posts"}],"about":[{"href":"https:\/\/pcce.com.ar\/pcce\/wp-json\/wp\/v2\/types\/post"}],"author":[{"embeddable":true,"href":"https:\/\/pcce.com.ar\/pcce\/wp-json\/wp\/v2\/users\/3"}],"replies":[{"embeddable":true,"href":"https:\/\/pcce.com.ar\/pcce\/wp-json\/wp\/v2\/comments?post=26229"}],"version-history":[{"count":0,"href":"https:\/\/pcce.com.ar\/pcce\/wp-json\/wp\/v2\/posts\/26229\/revisions"}],"wp:featuredmedia":[{"embeddable":true,"href":"https:\/\/pcce.com.ar\/pcce\/wp-json\/wp\/v2\/media\/26236"}],"wp:attachment":[{"href":"https:\/\/pcce.com.ar\/pcce\/wp-json\/wp\/v2\/media?parent=26229"}],"wp:term":[{"taxonomy":"category","embeddable":true,"href":"https:\/\/pcce.com.ar\/pcce\/wp-json\/wp\/v2\/categories?post=26229"},{"taxonomy":"post_tag","embeddable":true,"href":"https:\/\/pcce.com.ar\/pcce\/wp-json\/wp\/v2\/tags?post=26229"}],"curies":[{"name":"wp","href":"https:\/\/api.w.org\/{rel}","templated":true}]}}