{"id":26232,"date":"2026-03-06T21:28:58","date_gmt":"2026-03-07T00:28:58","guid":{"rendered":"https:\/\/pcce.com.ar\/pcce\/?p=26232"},"modified":"2026-03-06T21:28:58","modified_gmt":"2026-03-07T00:28:58","slug":"san-fernando-el-partido-en-fate","status":"publish","type":"post","link":"https:\/\/pcce.com.ar\/pcce\/2026\/03\/06\/san-fernando-el-partido-en-fate\/","title":{"rendered":"SAN FERNANDO: El Partido en FATE"},"content":{"rendered":"<h4 class=\"p1\"><span class=\"s1\">SAN FERNANDO<\/span><\/h4>\n<h1 class=\"p1\"><span class=\"s1\">El Partido en FATE<\/span><\/h1>\n<p class=\"p1\"><span class=\"s1\">Febrero fue un mes cargado de conflictos pol\u00edticos y gremiales. Arrecia la crisis y la patronal arremete contra los obreros en una ofensiva por llevarse puestos los derechos laborales, cierran plantas y producen cientos de despidos cada d\u00eda. Un testimonio de eso fue el 18 de febrero, con el cierre de FATE en San Fernando. Ese d\u00eda nos hicimos presentes, hablamos con los laburantes del gremio SUTNA del neum\u00e1tico que estaban ocupando el predio de la f\u00e1brica y llevamos la solidaridad del Partido a los 920 despedidos. Se trata de un conflicto que se transforma en un testimonio del nuevo rostro del conurbano: desindustrializaci\u00f3n y desempleo, con barrios que se tornan en pueblos fantasma. En cada lugar que pasa la guada\u00f1a neoliberal, a su paso dejan focos de lucha, solidaridad y resistencia que se ir\u00e1n uniendo en un nuevo proyecto de pa\u00eds nacional y popular.<\/span><\/p>\n","protected":false},"excerpt":{"rendered":"<p>SAN FERNANDO El Partido en FATE Febrero fue un mes cargado de conflictos pol\u00edticos y gremiales. Arrecia la crisis y la patronal arremete contra los obreros en una ofensiva por llevarse puestos los derechos laborales, cierran plantas y producen cientos de despidos cada d\u00eda. Un testimonio de eso fue el 18 de febrero, con el [&hellip;]<\/p>\n","protected":false},"author":3,"featured_media":26239,"comment_status":"closed","ping_status":"closed","sticky":false,"template":"","format":"standard","meta":{"tdm_status":"","tdm_grid_status":"","footnotes":""},"categories":[4,9],"tags":[],"class_list":["post-26232","post","type-post","status-publish","format-standard","has-post-thumbnail","hentry","category-featured","category-vidadepartido"],"_links":{"self":[{"href":"https:\/\/pcce.com.ar\/pcce\/wp-json\/wp\/v2\/posts\/26232","targetHints":{"allow":["GET"]}}],"collection":[{"href":"https:\/\/pcce.com.ar\/pcce\/wp-json\/wp\/v2\/posts"}],"about":[{"href":"https:\/\/pcce.com.ar\/pcce\/wp-json\/wp\/v2\/types\/post"}],"author":[{"embeddable":true,"href":"https:\/\/pcce.com.ar\/pcce\/wp-json\/wp\/v2\/users\/3"}],"replies":[{"embeddable":true,"href":"https:\/\/pcce.com.ar\/pcce\/wp-json\/wp\/v2\/comments?post=26232"}],"version-history":[{"count":0,"href":"https:\/\/pcce.com.ar\/pcce\/wp-json\/wp\/v2\/posts\/26232\/revisions"}],"wp:featuredmedia":[{"embeddable":true,"href":"https:\/\/pcce.com.ar\/pcce\/wp-json\/wp\/v2\/media\/26239"}],"wp:attachment":[{"href":"https:\/\/pcce.com.ar\/pcce\/wp-json\/wp\/v2\/media?parent=26232"}],"wp:term":[{"taxonomy":"category","embeddable":true,"href":"https:\/\/pcce.com.ar\/pcce\/wp-json\/wp\/v2\/categories?post=26232"},{"taxonomy":"post_tag","embeddable":true,"href":"https:\/\/pcce.com.ar\/pcce\/wp-json\/wp\/v2\/tags?post=26232"}],"curies":[{"name":"wp","href":"https:\/\/api.w.org\/{rel}","templated":true}]}}