{"id":26233,"date":"2026-03-06T21:36:32","date_gmt":"2026-03-07T00:36:32","guid":{"rendered":"https:\/\/pcce.com.ar\/pcce\/?p=26233"},"modified":"2026-03-06T21:36:32","modified_gmt":"2026-03-07T00:36:32","slug":"conflictividad-y-resistencia-luchar-contra-la-reforma-laboral-de-milei-es-luchar-contra-el-imperialismo-yanqui","status":"publish","type":"post","link":"https:\/\/pcce.com.ar\/pcce\/2026\/03\/06\/conflictividad-y-resistencia-luchar-contra-la-reforma-laboral-de-milei-es-luchar-contra-el-imperialismo-yanqui\/","title":{"rendered":"CONFLICTIVIDAD Y RESISTENCIA: Luchar contra la reforma laboral de Milei, es luchar contra el imperialismo yanqui\u00a0"},"content":{"rendered":"<h4 class=\"p1\"><span class=\"s1\">CONFLICTIVIDAD Y RESISTENCIA<\/span><\/h4>\n<h1 class=\"p1\"><span class=\"s1\">Luchar contra la reforma laboral de Milei, es luchar contra el imperialismo yanqui\u00a0<\/span><\/h1>\n<p class=\"p1\"><span class=\"s1\">Los primeros meses del a\u00f1o no fueron de descanso y pasividad para la militancia del Partido.\u00a0 Mientras en Argentina el Gobierno avanz\u00f3 con una reforma que legaliza el abaratamiento de despidos, profundiza la flexibilizaci\u00f3n y golpea la organizaci\u00f3n obrera, en la regi\u00f3n el imperialismo norteamericano apuesta a una escalada guerrerista ante su hegemon\u00eda declinante tras los ataques a Venezuela y el recrudecimiento del bloqueo criminal al hermano pueblo de Cuba y su Revoluci\u00f3n. No son fen\u00f3menos aislados, sino expresiones distintas de un mismo movimiento reaccionario: disciplinar a los trabajadores, asegurar las ganancias de los monopolios y consolidar la subordinaci\u00f3n ante el capital financiero transnacional. Con esta perspectiva de vinculaci\u00f3n clara de lucha clasista y antiimperialista, los distintos organismos del Partido se pusieron al frente de una fuerte tarea de agitaci\u00f3n y propaganda en las calles para enfrentar la reforma y explicar su verdadero alcance entre los trabajadores.<\/span><\/p>\n<p class=\"p1\"><span class=\"s1\">En la zona norte del Conurbano, en las estaciones de Villa Adelina y Munro, se sali\u00f3 a volantear todos los d\u00edas y explicar las implicancias de la reforma antiobrera y esclavista. Muchos laburantes, vecinos jubilados y pibes se acercaron a charlar y a intercambiar opiniones, expresando su agradecimiento por la presencia de nuestros camaradas en la calle dando la batalla. En la zona oeste tambi\u00e9n se sali\u00f3 con fuerza. Las volanteadas semanales en la estaci\u00f3n de Ituzaing\u00f3 para denunciar el proyecto de oscurantismo patronal ayudaron a continuar el trabajo que venimos sosteniendo desde hace tiempo de instalaci\u00f3n de la referencia de nuestra l\u00ednea y enfoque de lucha. Esto fue acompa\u00f1ado con una serie de pintadas y afichadas en el barrio Villa Ariza con consignas tales como \u201cModernizaci\u00f3n las pelotas: \u00a1Abajo la reforma antiobrera!\u201d, \u201c\u00a1Fuera Yanquis de Venezuela y Am\u00e9rica Latina! \u00a1Fuera Milei mulo de Trump!\u201d y \u201cCuba s\u00ed, Yanquis no\u201d. En igual perspectiva replicaron sus iniciativas la militancia de la zona sur en la estaci\u00f3n de trenes de La Plata, as\u00ed como lo hizo la militancia porte\u00f1a con volanteadas y piqueteos de la prensa. Todo esto fue un clima de preparaci\u00f3n para las movilizaciones de los d\u00edas de tratamiento parlamentario de la ley; marchas que acompa\u00f1amos junto al paro activo del movimiento obrero y las distintas organizaciones pol\u00edticas y sociales.\u00a0<\/span><\/p>\n<p class=\"p1\"><span class=\"s1\">Pese a ser aprobada la reforma, los comunistas del PCCE entendemos que ninguna ley por m\u00e1s reaccionaria que sea, puede suprimir la lucha de clases y por tanto este retroceso prepara, tambi\u00e9n, nuevas condiciones para la organizaci\u00f3n y la resistencia. Las derrotas de los pueblos no clausuran la historia, son siempre circunstanciales. Al margen de la penosa actitud de complicidad que por acci\u00f3n u omisi\u00f3n desempe\u00f1a la burocracia sindical, hay un clima de conflictividad en todo el pa\u00eds que denota una resistencia incipiente y aislada. La tarea es darle un cauce pol\u00edtico de lucha: pasar de la insatisfacci\u00f3n y la queja individual por la carest\u00eda de la vida y los salarios de miseria, a una bronca organizada y consciente que no s\u00f3lo se plante sino que avance, confiando sus propias fuerzas, en la superaci\u00f3n del p\u00e9simo estado de cosas en el cual se encuentra la inmensa mayor\u00eda asalariada de nuestro pa\u00eds.<\/span><\/p>\n","protected":false},"excerpt":{"rendered":"<p>CONFLICTIVIDAD Y RESISTENCIA Luchar contra la reforma laboral de Milei, es luchar contra el imperialismo yanqui\u00a0 Los primeros meses del a\u00f1o no fueron de descanso y pasividad para la militancia del Partido.\u00a0 Mientras en Argentina el Gobierno avanz\u00f3 con una reforma que legaliza el abaratamiento de despidos, profundiza la flexibilizaci\u00f3n y golpea la organizaci\u00f3n obrera, [&hellip;]<\/p>\n","protected":false},"author":3,"featured_media":26247,"comment_status":"closed","ping_status":"closed","sticky":false,"template":"","format":"standard","meta":{"tdm_status":"","tdm_grid_status":"","footnotes":""},"categories":[4,9],"tags":[],"class_list":["post-26233","post","type-post","status-publish","format-standard","has-post-thumbnail","hentry","category-featured","category-vidadepartido"],"_links":{"self":[{"href":"https:\/\/pcce.com.ar\/pcce\/wp-json\/wp\/v2\/posts\/26233","targetHints":{"allow":["GET"]}}],"collection":[{"href":"https:\/\/pcce.com.ar\/pcce\/wp-json\/wp\/v2\/posts"}],"about":[{"href":"https:\/\/pcce.com.ar\/pcce\/wp-json\/wp\/v2\/types\/post"}],"author":[{"embeddable":true,"href":"https:\/\/pcce.com.ar\/pcce\/wp-json\/wp\/v2\/users\/3"}],"replies":[{"embeddable":true,"href":"https:\/\/pcce.com.ar\/pcce\/wp-json\/wp\/v2\/comments?post=26233"}],"version-history":[{"count":0,"href":"https:\/\/pcce.com.ar\/pcce\/wp-json\/wp\/v2\/posts\/26233\/revisions"}],"wp:featuredmedia":[{"embeddable":true,"href":"https:\/\/pcce.com.ar\/pcce\/wp-json\/wp\/v2\/media\/26247"}],"wp:attachment":[{"href":"https:\/\/pcce.com.ar\/pcce\/wp-json\/wp\/v2\/media?parent=26233"}],"wp:term":[{"taxonomy":"category","embeddable":true,"href":"https:\/\/pcce.com.ar\/pcce\/wp-json\/wp\/v2\/categories?post=26233"},{"taxonomy":"post_tag","embeddable":true,"href":"https:\/\/pcce.com.ar\/pcce\/wp-json\/wp\/v2\/tags?post=26233"}],"curies":[{"name":"wp","href":"https:\/\/api.w.org\/{rel}","templated":true}]}}