{"id":26234,"date":"2026-03-06T21:33:32","date_gmt":"2026-03-07T00:33:32","guid":{"rendered":"https:\/\/pcce.com.ar\/pcce\/?p=26234"},"modified":"2026-03-06T21:33:32","modified_gmt":"2026-03-07T00:33:32","slug":"che-pugliese-folclore-a-la-calle-encuentros-que-echan-raices","status":"publish","type":"post","link":"https:\/\/pcce.com.ar\/pcce\/2026\/03\/06\/che-pugliese-folclore-a-la-calle-encuentros-que-echan-raices\/","title":{"rendered":"CHE PUGLIESE &#8211; Folclore \u00a1a la calle!: encuentros que echan ra\u00edces"},"content":{"rendered":"<h4 class=\"p1\">CHE PUGLIESE<\/h4>\n<h1 class=\"p1\"><span class=\"s1\">Folclore \u00a1a la calle!: encuentros que echan ra\u00edces<\/span><\/h1>\n<p class=\"p1\"><span class=\"s1\">La actividad cultural en el Che Pugliese no descans\u00f3 en todo el verano. Es que con el lanzamiento de Folclore \u00a1a la calle! se logr\u00f3 fundar una verdadera fiesta popular en el coraz\u00f3n de Villa Mitre.<\/span><\/p>\n<p class=\"p1\"><span class=\"s1\">Se trata de una nueva propuesta promovida por miembros del centro cultural y m\u00fasicos amigos de la casa. La iniciativa busca ganar el espacio p\u00fablico y resistir frente a los obst\u00e1culos que impone la gesti\u00f3n macrista y las l\u00f3gicas neoliberales que la derecha toda estimula. La misma ya tuvo sus dos primeros encuentros y estima conformar una nutrida grilla para los pr\u00f3ximos meses.<\/span><\/p>\n<p class=\"p1\"><span class=\"s1\">Tanto en su debut de enero como en el segundo encuentro de febrero, Folclore \u00a1a la calle! cont\u00f3 en su escenario con los compa\u00f1eros y mentores de la actividad, Casanova Palacio D\u00fao, y con la banda local Sachapepers. En ambos casos se dej\u00f3 constancia del importante acervo musical que el barrio conserva y la estrechez comunitaria que se logra conformar por medio de la cultura y el folclore.<\/span><\/p>\n<p class=\"p1\"><span class=\"s1\">De la partida tambi\u00e9n fueron parte el gran folclorista Chango Torres, que adem\u00e1s de su banda con bombo y bandone\u00f3n, cont\u00f3 con la participaci\u00f3n del reconocido proyecto cultural y educativo Sembrando Leg\u00fceros, conducido por Mariana Mari\u00f1elarena, y que brindaron un verdadero espect\u00e1culo de ensamble de bombos. Asimismo, Erica Corsiglia se destac\u00f3 en la \u00faltima edici\u00f3n enriqueciendo de voces femeninas la velada musical.<\/span><\/p>\n<p class=\"p1\"><span class=\"s1\">De destacar es el papel de la profe Nati Pierangeli, quien, adem\u00e1s de coordinar el trabajo art\u00edstico del evento, es quien abre cada pe\u00f1a con sus buscadas y convocantes clases abiertas de folclore.<\/span><\/p>\n<p class=\"p1\"><span class=\"s1\">No faltaron las dificultades y los contratiempos generados por la polic\u00eda. Tampoco la solidaridad vecinal para actuar y garantizar un buen espect\u00e1culo del que, en definitiva, todos terminaron siendo part\u00edcipes. No obstante, cada evento se caracteriz\u00f3, al margen de su elevado nivel musical, por la gran asistencia del vecindario como de otras zonas aleda\u00f1as que durante toda la noche no dejaron de acompa\u00f1ar cada chacarera y cada zamba con m\u00faltiples rondas, bailes y zapateos, configurando as\u00ed una m\u00edstica particular, de fraternidad y compromiso con la cultura popular y con este espacio que d\u00eda a d\u00eda crece y echa ra\u00edces para seguir construyendo comunidad.\u00a0\u00a0\u00a0\u00a0<\/span><\/p>\n<p>&nbsp;<\/p>\n","protected":false},"excerpt":{"rendered":"<p>CHE PUGLIESE Folclore \u00a1a la calle!: encuentros que echan ra\u00edces La actividad cultural en el Che Pugliese no descans\u00f3 en todo el verano. Es que con el lanzamiento de Folclore \u00a1a la calle! se logr\u00f3 fundar una verdadera fiesta popular en el coraz\u00f3n de Villa Mitre. Se trata de una nueva propuesta promovida por miembros [&hellip;]<\/p>\n","protected":false},"author":3,"featured_media":26245,"comment_status":"closed","ping_status":"closed","sticky":false,"template":"","format":"standard","meta":{"tdm_status":"","tdm_grid_status":"","footnotes":""},"categories":[4,9],"tags":[],"class_list":["post-26234","post","type-post","status-publish","format-standard","has-post-thumbnail","hentry","category-featured","category-vidadepartido"],"_links":{"self":[{"href":"https:\/\/pcce.com.ar\/pcce\/wp-json\/wp\/v2\/posts\/26234","targetHints":{"allow":["GET"]}}],"collection":[{"href":"https:\/\/pcce.com.ar\/pcce\/wp-json\/wp\/v2\/posts"}],"about":[{"href":"https:\/\/pcce.com.ar\/pcce\/wp-json\/wp\/v2\/types\/post"}],"author":[{"embeddable":true,"href":"https:\/\/pcce.com.ar\/pcce\/wp-json\/wp\/v2\/users\/3"}],"replies":[{"embeddable":true,"href":"https:\/\/pcce.com.ar\/pcce\/wp-json\/wp\/v2\/comments?post=26234"}],"version-history":[{"count":0,"href":"https:\/\/pcce.com.ar\/pcce\/wp-json\/wp\/v2\/posts\/26234\/revisions"}],"wp:featuredmedia":[{"embeddable":true,"href":"https:\/\/pcce.com.ar\/pcce\/wp-json\/wp\/v2\/media\/26245"}],"wp:attachment":[{"href":"https:\/\/pcce.com.ar\/pcce\/wp-json\/wp\/v2\/media?parent=26234"}],"wp:term":[{"taxonomy":"category","embeddable":true,"href":"https:\/\/pcce.com.ar\/pcce\/wp-json\/wp\/v2\/categories?post=26234"},{"taxonomy":"post_tag","embeddable":true,"href":"https:\/\/pcce.com.ar\/pcce\/wp-json\/wp\/v2\/tags?post=26234"}],"curies":[{"name":"wp","href":"https:\/\/api.w.org\/{rel}","templated":true}]}}