{"id":26235,"date":"2026-03-06T21:28:20","date_gmt":"2026-03-07T00:28:20","guid":{"rendered":"https:\/\/pcce.com.ar\/pcce\/?p=26235"},"modified":"2026-03-06T21:28:20","modified_gmt":"2026-03-07T00:28:20","slug":"pena-en-el-ccms-entre-zambas-y-chacareras","status":"publish","type":"post","link":"https:\/\/pcce.com.ar\/pcce\/2026\/03\/06\/pena-en-el-ccms-entre-zambas-y-chacareras\/","title":{"rendered":"Pe\u00f1a en el CCMS: Entre zambas y chacareras"},"content":{"rendered":"<h4 class=\"p1\"><span class=\"s1\">PE\u00d1A EN EL CCMS<\/span><\/h4>\n<h1 class=\"p1\"><span class=\"s1\">Entre zambas <\/span><span class=\"s1\">y chacareras<\/span><\/h1>\n<p class=\"p1\"><span class=\"s1\">El nuevo Centro Cultural Mercedes Sosa vivi\u00f3 el \u00faltimo 7 de febrero su primera pe\u00f1a en una noche cargada de cultura popular y optimismo militante. Preparamos la actividad con muchas mesitas de volanteadas, hablando en comercios para que vecinos y laburantes conocieran el nuevo espacio en el barrio de Villa Adelina. Aprovechamos una linda noche en nuestro local frente a la estaci\u00f3n para compartir folclore de la mano de Pedro, un amigo del CCMS con el que hicimos decenas de milongas y pe\u00f1as. Lo acompa\u00f1aron Manu, Ana y Pablo. Recorrieron lindas zambas y chacareras, y un momento muy bello fue cuando cantaron unos tangos con la potente voz de Gabi. Mientras la m\u00fasica llenaba el local, la vereda se completaba con mesas de vecinos y amigos, guirnaldas y charlas de militancia, donde el vecindario se arrim\u00f3 a comer unas ricas pizzas y empanadas.<\/span><\/p>\n<p class=\"p1\"><span class=\"s1\">Fue una linda experiencia que realizamos en plena \u00e9poca de vacaciones, comprobando que nuestro pueblo est\u00e1 dispuesto a reunirse, compartir y defender lo que nos pertenece.<\/span><\/p>\n","protected":false},"excerpt":{"rendered":"<p>PE\u00d1A EN EL CCMS Entre zambas y chacareras El nuevo Centro Cultural Mercedes Sosa vivi\u00f3 el \u00faltimo 7 de febrero su primera pe\u00f1a en una noche cargada de cultura popular y optimismo militante. Preparamos la actividad con muchas mesitas de volanteadas, hablando en comercios para que vecinos y laburantes conocieran el nuevo espacio en el [&hellip;]<\/p>\n","protected":false},"author":3,"featured_media":26240,"comment_status":"closed","ping_status":"closed","sticky":false,"template":"","format":"standard","meta":{"tdm_status":"","tdm_grid_status":"","footnotes":""},"categories":[4,9],"tags":[],"class_list":["post-26235","post","type-post","status-publish","format-standard","has-post-thumbnail","hentry","category-featured","category-vidadepartido"],"_links":{"self":[{"href":"https:\/\/pcce.com.ar\/pcce\/wp-json\/wp\/v2\/posts\/26235","targetHints":{"allow":["GET"]}}],"collection":[{"href":"https:\/\/pcce.com.ar\/pcce\/wp-json\/wp\/v2\/posts"}],"about":[{"href":"https:\/\/pcce.com.ar\/pcce\/wp-json\/wp\/v2\/types\/post"}],"author":[{"embeddable":true,"href":"https:\/\/pcce.com.ar\/pcce\/wp-json\/wp\/v2\/users\/3"}],"replies":[{"embeddable":true,"href":"https:\/\/pcce.com.ar\/pcce\/wp-json\/wp\/v2\/comments?post=26235"}],"version-history":[{"count":0,"href":"https:\/\/pcce.com.ar\/pcce\/wp-json\/wp\/v2\/posts\/26235\/revisions"}],"wp:featuredmedia":[{"embeddable":true,"href":"https:\/\/pcce.com.ar\/pcce\/wp-json\/wp\/v2\/media\/26240"}],"wp:attachment":[{"href":"https:\/\/pcce.com.ar\/pcce\/wp-json\/wp\/v2\/media?parent=26235"}],"wp:term":[{"taxonomy":"category","embeddable":true,"href":"https:\/\/pcce.com.ar\/pcce\/wp-json\/wp\/v2\/categories?post=26235"},{"taxonomy":"post_tag","embeddable":true,"href":"https:\/\/pcce.com.ar\/pcce\/wp-json\/wp\/v2\/tags?post=26235"}],"curies":[{"name":"wp","href":"https:\/\/api.w.org\/{rel}","templated":true}]}}