{"id":2632,"date":"2018-02-25T19:35:20","date_gmt":"2018-02-25T22:35:20","guid":{"rendered":"https:\/\/pcce.com.ar\/pcce\/?p=2632"},"modified":"2018-02-25T19:35:20","modified_gmt":"2018-02-25T22:35:20","slug":"unidad-frentista-encuentro-con-el-coqui-capitanich","status":"publish","type":"post","link":"https:\/\/pcce.com.ar\/pcce\/2018\/02\/25\/unidad-frentista-encuentro-con-el-coqui-capitanich\/","title":{"rendered":"UNIDAD FRENTISTA: Encuentro con el \u201cCoqui\u201d Capitanich"},"content":{"rendered":"<div class=\"story\">\n<h4 class=\"basic-paragraph\"><span class=\"mayuscula\">UNIDAD FRENTISTA<\/span><\/h4>\n<\/div>\n<div class=\"story\">\n<h1 class=\"basic-paragraph\">Encuentro con el \u201cCoqui\u201d Capitanich<\/h1>\n<\/div>\n<div class=\"story\">\n<p class=\"capitular-texto-gral\">D\u00edas atr\u00e1s los camaradas Tamara Ferrero y Ezequiel D\u2019Adamo, miembros del Secretariado Nacional del PCCE, mantuvieron un encuentro con el compa\u00f1ero Jorge Capitanich, destacado dirigente del peronismo en el orden nacional, quien hoy se desempe\u00f1a como intendente de la ciudad de Resistencia, Chaco. La conversaci\u00f3n abord\u00f3 diferentes elementos de la coyuntura nacional y latinoamericana, y en particular vers\u00f3 sobre los diversos caminos de unidad que hoy se transitan para la construcci\u00f3n de una alternativa opositora de cara al 2019. Coincidiendo en el rol de conducci\u00f3n que ejerce la compa\u00f1era Cristina, el dirigente chaque\u00f1o se explay\u00f3 sobre las diversas iniciativas unitarias que se perfilan hacia el seno del peronismo, destacando la necesidad de confluir \u201cen un frente amplio de centro izquierda con base progresista y popular\u201d. En ese marco, nuestros compa\u00f1eros ratificaron el compromiso de los comunistas en todos los esfuerzos orientados a acumular fuerzas para confrontar con el neoliberalismo, identificando los diferentes planos de unidad que coexisten en la etapa actual, y afirmando nuestra voluntad de aportar por izquierda en los numerosos afluentes de la construcci\u00f3n frentista.<\/p>\n<\/div>\n","protected":false},"excerpt":{"rendered":"<p>UNIDAD FRENTISTA Encuentro con el \u201cCoqui\u201d Capitanich D\u00edas atr\u00e1s los camaradas Tamara Ferrero y Ezequiel D\u2019Adamo, miembros del Secretariado Nacional del PCCE, mantuvieron un encuentro con el compa\u00f1ero Jorge Capitanich, destacado dirigente del peronismo en el orden nacional, quien hoy se desempe\u00f1a como intendente de la ciudad de Resistencia, Chaco. La conversaci\u00f3n abord\u00f3 diferentes elementos [&hellip;]<\/p>\n","protected":false},"author":1,"featured_media":2606,"comment_status":"closed","ping_status":"closed","sticky":false,"template":"","format":"standard","meta":{"tdm_status":"","tdm_grid_status":"","footnotes":""},"categories":[4,9],"tags":[],"class_list":["post-2632","post","type-post","status-publish","format-standard","has-post-thumbnail","hentry","category-featured","category-vidadepartido"],"_links":{"self":[{"href":"https:\/\/pcce.com.ar\/pcce\/wp-json\/wp\/v2\/posts\/2632","targetHints":{"allow":["GET"]}}],"collection":[{"href":"https:\/\/pcce.com.ar\/pcce\/wp-json\/wp\/v2\/posts"}],"about":[{"href":"https:\/\/pcce.com.ar\/pcce\/wp-json\/wp\/v2\/types\/post"}],"author":[{"embeddable":true,"href":"https:\/\/pcce.com.ar\/pcce\/wp-json\/wp\/v2\/users\/1"}],"replies":[{"embeddable":true,"href":"https:\/\/pcce.com.ar\/pcce\/wp-json\/wp\/v2\/comments?post=2632"}],"version-history":[{"count":0,"href":"https:\/\/pcce.com.ar\/pcce\/wp-json\/wp\/v2\/posts\/2632\/revisions"}],"wp:featuredmedia":[{"embeddable":true,"href":"https:\/\/pcce.com.ar\/pcce\/wp-json\/wp\/v2\/media\/2606"}],"wp:attachment":[{"href":"https:\/\/pcce.com.ar\/pcce\/wp-json\/wp\/v2\/media?parent=2632"}],"wp:term":[{"taxonomy":"category","embeddable":true,"href":"https:\/\/pcce.com.ar\/pcce\/wp-json\/wp\/v2\/categories?post=2632"},{"taxonomy":"post_tag","embeddable":true,"href":"https:\/\/pcce.com.ar\/pcce\/wp-json\/wp\/v2\/tags?post=2632"}],"curies":[{"name":"wp","href":"https:\/\/api.w.org\/{rel}","templated":true}]}}