{"id":2708,"date":"2018-03-26T09:38:02","date_gmt":"2018-03-26T12:38:02","guid":{"rendered":"https:\/\/pcce.com.ar\/pcce\/?p=2708"},"modified":"2018-03-26T09:38:02","modified_gmt":"2018-03-26T12:38:02","slug":"lomas-de-zamora-un-nuevo-ateneo-nestor-kirchner","status":"publish","type":"post","link":"https:\/\/pcce.com.ar\/pcce\/2018\/03\/26\/lomas-de-zamora-un-nuevo-ateneo-nestor-kirchner\/","title":{"rendered":"LOMAS DE ZAMORA: Un nuevo Ateneo N\u00e9stor Kirchner"},"content":{"rendered":"<div class=\"story\">\n<h4 class=\"basic-paragraph\"><span class=\"mayuscula\">LOMAS DE ZAMORA<\/span><\/h4>\n<\/div>\n<div class=\"story\">\n<h1 class=\"basic-paragraph\">Un nuevo Ateneo N\u00e9stor Kirchner<\/h1>\n<\/div>\n<div class=\"story\">\n<p class=\"capitular-texto-gral\">El \u00faltimo 10 de marzo se llev\u00f3 a cabo la inauguraci\u00f3n del Ateneo N\u00e9stor Kirchner en Lomas de Zamora. La actividad, de la que participaron nuestros camaradas del distrito, cont\u00f3 con la presencia del diputado nacional y compa\u00f1ero M\u00e1ximo Kirchner.<\/p>\n<p class=\"texto-general\">En su intervenci\u00f3n, M\u00e1ximo destac\u00f3 que los argentinos se sienten traicionados por el modelo pol\u00edtico y econ\u00f3mico que impulsa la Alianza Cambiemos. Frente a ello abog\u00f3 por la construcci\u00f3n de la unidad con acci\u00f3n pol\u00edtica, trabajo y humildad para sumar a favor de un proyecto y no s\u00f3lo en contra.<\/p>\n<p class=\"texto-general\">Concluy\u00f3 que cuando los dirigentes no se ponen de pie, la gente sale a la calle y pelea como se demostr\u00f3 el pasado 21 de febrero y el 8M.<\/p>\n<\/div>\n","protected":false},"excerpt":{"rendered":"<p>LOMAS DE ZAMORA Un nuevo Ateneo N\u00e9stor Kirchner El \u00faltimo 10 de marzo se llev\u00f3 a cabo la inauguraci\u00f3n del Ateneo N\u00e9stor Kirchner en Lomas de Zamora. La actividad, de la que participaron nuestros camaradas del distrito, cont\u00f3 con la presencia del diputado nacional y compa\u00f1ero M\u00e1ximo Kirchner. En su intervenci\u00f3n, M\u00e1ximo destac\u00f3 que los [&hellip;]<\/p>\n","protected":false},"author":1,"featured_media":2690,"comment_status":"closed","ping_status":"closed","sticky":false,"template":"","format":"standard","meta":{"tdm_status":"","tdm_grid_status":"","footnotes":""},"categories":[4,9],"tags":[],"class_list":["post-2708","post","type-post","status-publish","format-standard","has-post-thumbnail","hentry","category-featured","category-vidadepartido"],"_links":{"self":[{"href":"https:\/\/pcce.com.ar\/pcce\/wp-json\/wp\/v2\/posts\/2708","targetHints":{"allow":["GET"]}}],"collection":[{"href":"https:\/\/pcce.com.ar\/pcce\/wp-json\/wp\/v2\/posts"}],"about":[{"href":"https:\/\/pcce.com.ar\/pcce\/wp-json\/wp\/v2\/types\/post"}],"author":[{"embeddable":true,"href":"https:\/\/pcce.com.ar\/pcce\/wp-json\/wp\/v2\/users\/1"}],"replies":[{"embeddable":true,"href":"https:\/\/pcce.com.ar\/pcce\/wp-json\/wp\/v2\/comments?post=2708"}],"version-history":[{"count":0,"href":"https:\/\/pcce.com.ar\/pcce\/wp-json\/wp\/v2\/posts\/2708\/revisions"}],"wp:featuredmedia":[{"embeddable":true,"href":"https:\/\/pcce.com.ar\/pcce\/wp-json\/wp\/v2\/media\/2690"}],"wp:attachment":[{"href":"https:\/\/pcce.com.ar\/pcce\/wp-json\/wp\/v2\/media?parent=2708"}],"wp:term":[{"taxonomy":"category","embeddable":true,"href":"https:\/\/pcce.com.ar\/pcce\/wp-json\/wp\/v2\/categories?post=2708"},{"taxonomy":"post_tag","embeddable":true,"href":"https:\/\/pcce.com.ar\/pcce\/wp-json\/wp\/v2\/tags?post=2708"}],"curies":[{"name":"wp","href":"https:\/\/api.w.org\/{rel}","templated":true}]}}