{"id":2748,"date":"2018-04-20T07:53:40","date_gmt":"2018-04-20T10:53:40","guid":{"rendered":"https:\/\/pcce.com.ar\/pcce\/?p=2748"},"modified":"2018-04-20T07:53:40","modified_gmt":"2018-04-20T10:53:40","slug":"provincia-de-buenos-aires-planificacion-militancia-y-organizacion","status":"publish","type":"post","link":"https:\/\/pcce.com.ar\/pcce\/2018\/04\/20\/provincia-de-buenos-aires-planificacion-militancia-y-organizacion\/","title":{"rendered":"PROVINCIA DE BUENOS AIRES:  Planificaci\u00f3n, militancia  y organizaci\u00f3n"},"content":{"rendered":"<div class=\"story\">\n<h3 class=\"basic-paragraph\"><span class=\"mayuscula\">PROVINCIA DE BUENOS AIRES<\/span><\/h3>\n<\/div>\n<div class=\"story\">\n<h1 class=\"basic-paragraph\">Planificaci\u00f3n, militancia y organizaci\u00f3n<\/h1>\n<\/div>\n<div class=\"story\">\n<p class=\"copete-general\">\u00a0El s\u00e1bado 14 se realizo la reuni\u00f3n del Comit\u00e9 de la Provincia de Buenos Aires con el fin de discutir la planificaci\u00f3n que nos estamos dando en cada Frente y en cada municipio de la Provincia.<\/p>\n<\/div>\n<div class=\"story\">\n<p class=\"capitular-texto-gral\">En sus palabras de apertura, el compa\u00f1ero Pablo Pereyra destac\u00f3 la importancia central de disputar el factor subjetivo, de esclarecer y organizar el malestar que d\u00eda a d\u00eda crece entre los sectores afectados por las pol\u00edticas de ajuste, para resistir y aportar a la construcci\u00f3n de una fuerza pol\u00edtica que, conducida por Cristina, debe jugar un rol determinante en la construcci\u00f3n del frente anti-neoliberal necesario para derrotar al macrismo en 2019.<\/p>\n<p class=\"texto-general\">Luego se fueron sucediendo las intervenciones de los distintos compa\u00f1eros. En el frente sindical se destac\u00f3 el crecimiento que tuvo el Partido con la incorporaci\u00f3n de laburantes y dirigentes intermedios de diversos gremios lo que exige un grado mayor de organizaci\u00f3n para esta etapa. En un marco de tensi\u00f3n creciente entre los trabajadores que luchan por no retroceder y una parte de la dirigencia sindical c\u00f3mplice del ajuste, se plante\u00f3 fortalecer el v\u00ednculo por abajo con los laburantes junto a los compa\u00f1eros que desde la CGT y la CTA se proponen construir una herramienta pol\u00edtico sindical que se ubique al frente de las luchas.<\/p>\n<p class=\"texto-general\">Respecto al frente universitario, se destaca la presencia del Partido en 9 universidades y diversos terciarios de la Provincia, en varios de ellos jugando un rol de conducci\u00f3n en centros y federaciones. Asimismo, contamos con grandes potencialidades en nuevas universidades donde, en este \u00faltimo a\u00f1o, comenzamos nuestra militancia. Es el desaf\u00edo ubicar en cada lugar c\u00f3mo se expresa el ajuste neoliberal para organizar la lucha del movimiento estudiantil contra el ajuste de Macri y Vidal.<\/p>\n<p class=\"texto-general\">Por el frente estudiantil secundario se realizaron una serie de encuentros en varios municipios con el objetivo de constituir c\u00e9lulas de secundarios en cada lugar, para dar el debate pol\u00edtico en los centros de estudiantes y en las escuelas y aportar as\u00ed a la construcci\u00f3n de organizaci\u00f3n y conciencia.<\/p>\n<p class=\"texto-general\">En las intervenciones por municipios fue reflejado un proceso de crecimiento cuantitativo y cualitativo de nuestra organizaci\u00f3n, as\u00ed como la incorporaci\u00f3n de nuevos municipios en los cuales recientemente constituimos c\u00e9lulas del Partido, tanto en el Gran Buenos Aires como en el interior provincial.<\/p>\n<p class=\"texto-general\">Como afirmaron varios camaradas y Pablo en el cierre, la reuni\u00f3n constituy\u00f3 un balance en s\u00ed misma, producto de una intensa actividad que viene desplegando nuestro Partido en la Provincia: en la resistencia a la aplicaci\u00f3n del modelo neoliberal, en la construcci\u00f3n de frentismo y en el fortalecimiento de nuestra organizaci\u00f3n.<\/p>\n<\/div>\n","protected":false},"excerpt":{"rendered":"<p>PROVINCIA DE BUENOS AIRES Planificaci\u00f3n, militancia y organizaci\u00f3n \u00a0El s\u00e1bado 14 se realizo la reuni\u00f3n del Comit\u00e9 de la Provincia de Buenos Aires con el fin de discutir la planificaci\u00f3n que nos estamos dando en cada Frente y en cada municipio de la Provincia. En sus palabras de apertura, el compa\u00f1ero Pablo Pereyra destac\u00f3 la [&hellip;]<\/p>\n","protected":false},"author":1,"featured_media":2728,"comment_status":"closed","ping_status":"closed","sticky":false,"template":"","format":"standard","meta":{"tdm_status":"","tdm_grid_status":"","footnotes":""},"categories":[4,9],"tags":[],"class_list":["post-2748","post","type-post","status-publish","format-standard","has-post-thumbnail","hentry","category-featured","category-vidadepartido"],"_links":{"self":[{"href":"https:\/\/pcce.com.ar\/pcce\/wp-json\/wp\/v2\/posts\/2748","targetHints":{"allow":["GET"]}}],"collection":[{"href":"https:\/\/pcce.com.ar\/pcce\/wp-json\/wp\/v2\/posts"}],"about":[{"href":"https:\/\/pcce.com.ar\/pcce\/wp-json\/wp\/v2\/types\/post"}],"author":[{"embeddable":true,"href":"https:\/\/pcce.com.ar\/pcce\/wp-json\/wp\/v2\/users\/1"}],"replies":[{"embeddable":true,"href":"https:\/\/pcce.com.ar\/pcce\/wp-json\/wp\/v2\/comments?post=2748"}],"version-history":[{"count":0,"href":"https:\/\/pcce.com.ar\/pcce\/wp-json\/wp\/v2\/posts\/2748\/revisions"}],"wp:featuredmedia":[{"embeddable":true,"href":"https:\/\/pcce.com.ar\/pcce\/wp-json\/wp\/v2\/media\/2728"}],"wp:attachment":[{"href":"https:\/\/pcce.com.ar\/pcce\/wp-json\/wp\/v2\/media?parent=2748"}],"wp:term":[{"taxonomy":"category","embeddable":true,"href":"https:\/\/pcce.com.ar\/pcce\/wp-json\/wp\/v2\/categories?post=2748"},{"taxonomy":"post_tag","embeddable":true,"href":"https:\/\/pcce.com.ar\/pcce\/wp-json\/wp\/v2\/tags?post=2748"}],"curies":[{"name":"wp","href":"https:\/\/api.w.org\/{rel}","templated":true}]}}