{"id":275,"date":"2016-03-07T20:12:11","date_gmt":"2016-03-07T23:12:11","guid":{"rendered":"https:\/\/pcce.com.ar\/pcce\/?p=275"},"modified":"2016-03-07T20:12:52","modified_gmt":"2016-03-07T23:12:52","slug":"volodia-teitelboim","status":"publish","type":"post","link":"https:\/\/pcce.com.ar\/pcce\/2016\/03\/07\/volodia-teitelboim\/","title":{"rendered":"Volodia Teitelboim"},"content":{"rendered":"<div class=\"story\">\n<p class=\"basic-paragraph\">EN SU CENTENARIO<\/p>\n<\/div>\n<div class=\"story\">\n<h1 class=\"tit-pastillas\">Volodia\u00a0Teitelboim<\/h1>\n<\/div>\n<div class=\"image\">Este 17 de marzo se cumplir\u00e1n 100 a\u00f1os del nacimiento del gran intelectual y dirigente comunista chileno Volodia Valent\u00edn Teitelboim Volosky (17\/03\/1916).<\/div>\n<div class=\"story\">\n<p class=\"texto-general\">Hijo de inmigrantes jud\u00edos (ucraniano su padre y moldava su madre), a los 16 a\u00f1os, en la escuela secundaria, se incorpor\u00f3 a las Juventudes Comunistas de Chile (JJ.CC.), la heroica y querida \u201cJota\u201d, llegando a ser Presidente del Centro de Estudiantes de Derecho.<\/p>\n<p class=\"texto-general\">Graduado de abogado, fue periodista, cr\u00edtico literario, ensayista, poeta y novelista, pero ante todo pol\u00edtico. El mismo Volodia dir\u00eda: \u201cla pol\u00edtica era mi mujer leg\u00edtima y la literatura, mi amante. La amante me rondaba por las noches, pidi\u00e9ndome cuentas\u201d.<\/p>\n<p class=\"texto-general\">Escribi\u00f3 m\u00e1s de veinte libros, entre los que se destaca \u201cHijo del salitre\u201d, novela realista que tiene como personaje central al proletariado mismo del norte chileno y al legendario El\u00edas Laferte, l\u00edder obrero salitrero y comunista, disc\u00edpulo y sucesor del tambi\u00e9n legendario Luis Emilio Recabarren, fundador del movimiento obrero y del Partido Comunista de Chile.<\/p>\n<p class=\"texto-general\">Durante los a\u00f1os cuarenta y cincuenta vivi\u00f3 per\u00edodos de clandestinidad, sufri\u00f3 varios encarcelamientos e integr\u00f3 la Comisi\u00f3n Pol\u00edtica del Comit\u00e9 Central del Partido Comunista de Chile desde 1945.<\/p>\n<p class=\"texto-general\">Fue electo Diputado Nacional por Valpara\u00edso (1961\/1965) y Senador por Santiago (1965\/1973) hasta que el Golpe de Estado fascista de Augusto Pinochet contra el Presidente Salvador Allende y su gobierno de la Unidad Popular lo encontr\u00f3 fuera del pa\u00eds.<\/p>\n<p class=\"texto-general\">Exiliado en Europa, especialmente en la Uni\u00f3n Sovi\u00e9tica, condujo el m\u00edtico programa \u201cEscucha Chile\u201d que se trasmit\u00eda para la resistencia chilena y latinoamericana por Radio Magallanes, desde la frecuencia de onda corta de Radio Mosc\u00fa Internacional.<\/p>\n<p class=\"texto-general\">Regres\u00f3 a Chile en 1988 y al a\u00f1o siguiente sucedi\u00f3 a Luis Corval\u00e1n como Secretario General del Partido, hasta 1994, a\u00f1o en que lo sucedi\u00f3 en el cargo Gladys Mar\u00edn.<\/p>\n<p class=\"texto-general\">Gran amigo y camarada de Pablo Neruda, fue galardonado con el Premio Nacional de Literatura 2002.<\/p>\n<p class=\"texto-general\">Falleci\u00f3 en Santiago de Chile a los 91 a\u00f1os, el 31 de enero de 2008 y su velatorio en el Congreso Nacional fue multitudinario, as\u00ed como masivo fue su funeral en el Cementerio General de Santiago, donde miles y miles de chilenos lo despidieron entonando las estrofas de La Internacional, vivas a su memoria y al Partido Comunista de Chile.<\/p>\n<p class=\"texto-general\">R.G.M.<\/p>\n<\/div>\n","protected":false},"excerpt":{"rendered":"<p>EN SU CENTENARIO Volodia\u00a0Teitelboim Este 17 de marzo se cumplir\u00e1n 100 a\u00f1os del nacimiento del gran intelectual y dirigente comunista chileno Volodia Valent\u00edn Teitelboim Volosky (17\/03\/1916). Hijo de inmigrantes jud\u00edos (ucraniano su padre y moldava su madre), a los 16 a\u00f1os, en la escuela secundaria, se incorpor\u00f3 a las Juventudes Comunistas de Chile (JJ.CC.), la [&hellip;]<\/p>\n","protected":false},"author":1,"featured_media":276,"comment_status":"closed","ping_status":"closed","sticky":false,"template":"","format":"standard","meta":{"tdm_status":"","tdm_grid_status":"","footnotes":""},"categories":[17],"tags":[],"class_list":["post-275","post","type-post","status-publish","format-standard","has-post-thumbnail","hentry","category-contratapa"],"_links":{"self":[{"href":"https:\/\/pcce.com.ar\/pcce\/wp-json\/wp\/v2\/posts\/275","targetHints":{"allow":["GET"]}}],"collection":[{"href":"https:\/\/pcce.com.ar\/pcce\/wp-json\/wp\/v2\/posts"}],"about":[{"href":"https:\/\/pcce.com.ar\/pcce\/wp-json\/wp\/v2\/types\/post"}],"author":[{"embeddable":true,"href":"https:\/\/pcce.com.ar\/pcce\/wp-json\/wp\/v2\/users\/1"}],"replies":[{"embeddable":true,"href":"https:\/\/pcce.com.ar\/pcce\/wp-json\/wp\/v2\/comments?post=275"}],"version-history":[{"count":0,"href":"https:\/\/pcce.com.ar\/pcce\/wp-json\/wp\/v2\/posts\/275\/revisions"}],"wp:featuredmedia":[{"embeddable":true,"href":"https:\/\/pcce.com.ar\/pcce\/wp-json\/wp\/v2\/media\/276"}],"wp:attachment":[{"href":"https:\/\/pcce.com.ar\/pcce\/wp-json\/wp\/v2\/media?parent=275"}],"wp:term":[{"taxonomy":"category","embeddable":true,"href":"https:\/\/pcce.com.ar\/pcce\/wp-json\/wp\/v2\/categories?post=275"},{"taxonomy":"post_tag","embeddable":true,"href":"https:\/\/pcce.com.ar\/pcce\/wp-json\/wp\/v2\/tags?post=275"}],"curies":[{"name":"wp","href":"https:\/\/api.w.org\/{rel}","templated":true}]}}