{"id":2754,"date":"2018-04-20T08:01:12","date_gmt":"2018-04-20T11:01:12","guid":{"rendered":"https:\/\/pcce.com.ar\/pcce\/?p=2754"},"modified":"2018-04-23T15:11:40","modified_gmt":"2018-04-23T18:11:40","slug":"por-brasil-por-america-latina-lula-libre","status":"publish","type":"post","link":"https:\/\/pcce.com.ar\/pcce\/2018\/04\/20\/por-brasil-por-america-latina-lula-libre\/","title":{"rendered":"POR BRASIL, POR AM\u00c9RICA LATINA: \u00a1Lula libre!"},"content":{"rendered":"<div class=\"story\">\n<h4 class=\"titulo-2\">POR BRASIL, POR AM\u00c9RICA LATINA<\/h4>\n<\/div>\n<div class=\"story\">\n<h1 class=\"titulo-2\">\u00a1Lula libre!<\/h1>\n<\/div>\n<div class=\"story\">\n<p class=\"capitular-texto-gral\">Brasil es un objetivo estrat\u00e9gico para el imperialismo. Por su PBI, su densidad poblacional y su extensi\u00f3n territorial (de inmensa riqueza en recursos naturales) el rol del pa\u00eds hermano resulta determinante en nuestro continente. Durante las presidencias de Lula y Dilma, Brasil lleg\u00f3 a ser la sexta econom\u00eda del mundo, proceso que propici\u00f3 la inclusi\u00f3n de m\u00e1s de 30 millones de brasileros al trabajo y al consumo. En 2006 integr\u00f3 la n\u00f3mina de los cuatro primeros pa\u00edses (junto a Rusia, India y China) fundadores del BRIC, locomotora de la multipolaridad, a la que luego se sumar\u00eda Sud\u00e1frica. En Am\u00e9rica Latina, junto a la Argentina y la Rep\u00fablica Bolivariana de Venezuela, conform\u00f3 un eje continental que hizo posible la Cumbre de Mar del Plata, la conformaci\u00f3n de la UNASUR, y a\u00f1os m\u00e1s tarde de la CELAC, sin la participaci\u00f3n de los Estados Unidos ni Canad\u00e1. Tambi\u00e9n el MERCOSUR (como bloque subregional) adquiri\u00f3 un car\u00e1cter antineoliberal. Eso no lo perdonan.<\/p>\n<p class=\"texto-general\">La contraofensiva del imperialismo en nuestra regi\u00f3n concret\u00f3 determinados objetivos, entre ellos los retrocesos pol\u00edticos producidos en Brasil y en nuestro pa\u00eds. Pero indefectiblemente el neoliberalismo entra en crisis, se profundizan las luchas y las diversas formas de resistencia. Asistimos a una nueva fase de democracia restringida, de limitaci\u00f3n de las libertades p\u00fablicas y los derechos constitucionales, diferente a la que se impuso durante los a\u00f1os posteriores al anillo de dictaduras que ensangrent\u00f3 a nuestro continente. Hoy los condicionamientos y los m\u00faltiples instrumentos coercitivos emanan del Poder Judicial y los monopolios multimedi\u00e1ticos, y desde all\u00ed moldean el sentido com\u00fan para justificar la acci\u00f3n represiva en una escala superior. Buscan en particular aplastar cualquier liderazgo o alternativa pol\u00edtica que pueda canalizar el descontento y ofrecer una salida pol\u00edtica a la crisis econ\u00f3mica y social vigente.<\/p>\n<p class=\"texto-general\">La prisi\u00f3n de Lula (cuyo trazado comienza en el \u201cMensal\u00e3o\u201d, luego en el golpe contra Dilma y finalmente en el \u201cLava Jato\u201d) muestra la ruta perge\u00f1ada por los yanquis para torcer los destinos de la principal potencia latinoamericana. Mandan a un calabozo al l\u00edder pol\u00edtico m\u00e1s importante de la historia del Brasil, lo proscriben y pretenden hacer creer que \u201cno pas\u00f3 nada\u201d. Es en estas circunstancias adversas donde se pone a prueba el temple de los pueblos, su disposici\u00f3n a resistir y su decisi\u00f3n de no retroceder. Luego del cimbronazo inicial (y del inolvidable acto en las puertas del sindicato de metal\u00fargicos en S\u00e3o Bernardo do Campo) las organizaciones pol\u00edticas, sociales y sindicales brasileras, los sin tierra, los sin techo, pusieron en marcha un plan de lucha orientado a defender la democracia y a liberar al ex presidente de las mazmorras del enemigo. En este proceso que indudablemente ser\u00e1 de unidad y acumulaci\u00f3n, emerger\u00e1n las fuerzas necesarias para dar respuesta a esta encrucijada. Lo que sea, ser\u00e1 en las calles.<\/p>\n<p class=\"texto-general\">Tambi\u00e9n en las calles, pero de la Argentina, se movilizan los agredidos por las pol\u00edticas de hambre y ajuste impulsadas por el gobierno nacional. Contra los tarifazos, la inflaci\u00f3n, los sueldos de miseria y despidos masivos. Macri reacciona con aprietes, con detenciones arbitrarias e intervenciones judiciales (primero a los sindicatos, ahora al PJ). Respecto a esto \u00faltimo, es evidente el intento de divisi\u00f3n del espacio opositor, aunque a priori el efecto fue el contrario. Est\u00e1n dispuestos a avanzar contra la democracia para hacer prevalecer sus posiciones, y evitar que la bronca hoy mayoritaria se exprese en m\u00e1s conciencia, en m\u00e1s organizaci\u00f3n y en la construcci\u00f3n de un gran frente antineoliberal de cara al 2019. Para lograr estos objetivos necesitan sacar de la cancha a Cristina, la \u00fanica que puede (no importa su grado de exposici\u00f3n) orientar a nuestro pueblo en la coyuntura actual, que es de resistencia, y en la forja de las formas organizativas que se requieren para enfrentar al neoliberalismo, derrotarlo y ofrecer una perspectiva liberadora para las grandes mayor\u00edas nacionales y populares.<\/p>\n<\/div>\n","protected":false},"excerpt":{"rendered":"<p>POR BRASIL, POR AM\u00c9RICA LATINA \u00a1Lula libre! Brasil es un objetivo estrat\u00e9gico para el imperialismo. Por su PBI, su densidad poblacional y su extensi\u00f3n territorial (de inmensa riqueza en recursos naturales) el rol del pa\u00eds hermano resulta determinante en nuestro continente. Durante las presidencias de Lula y Dilma, Brasil lleg\u00f3 a ser la sexta econom\u00eda [&hellip;]<\/p>\n","protected":false},"author":1,"featured_media":2732,"comment_status":"closed","ping_status":"closed","sticky":false,"template":"","format":"standard","meta":{"tdm_status":"","tdm_grid_status":"","footnotes":""},"categories":[21,4],"tags":[],"class_list":["post-2754","post","type-post","status-publish","format-standard","has-post-thumbnail","hentry","category-editorial","category-featured"],"_links":{"self":[{"href":"https:\/\/pcce.com.ar\/pcce\/wp-json\/wp\/v2\/posts\/2754","targetHints":{"allow":["GET"]}}],"collection":[{"href":"https:\/\/pcce.com.ar\/pcce\/wp-json\/wp\/v2\/posts"}],"about":[{"href":"https:\/\/pcce.com.ar\/pcce\/wp-json\/wp\/v2\/types\/post"}],"author":[{"embeddable":true,"href":"https:\/\/pcce.com.ar\/pcce\/wp-json\/wp\/v2\/users\/1"}],"replies":[{"embeddable":true,"href":"https:\/\/pcce.com.ar\/pcce\/wp-json\/wp\/v2\/comments?post=2754"}],"version-history":[{"count":0,"href":"https:\/\/pcce.com.ar\/pcce\/wp-json\/wp\/v2\/posts\/2754\/revisions"}],"wp:featuredmedia":[{"embeddable":true,"href":"https:\/\/pcce.com.ar\/pcce\/wp-json\/wp\/v2\/media\/2732"}],"wp:attachment":[{"href":"https:\/\/pcce.com.ar\/pcce\/wp-json\/wp\/v2\/media?parent=2754"}],"wp:term":[{"taxonomy":"category","embeddable":true,"href":"https:\/\/pcce.com.ar\/pcce\/wp-json\/wp\/v2\/categories?post=2754"},{"taxonomy":"post_tag","embeddable":true,"href":"https:\/\/pcce.com.ar\/pcce\/wp-json\/wp\/v2\/tags?post=2754"}],"curies":[{"name":"wp","href":"https:\/\/api.w.org\/{rel}","templated":true}]}}