{"id":2890,"date":"2018-06-17T18:49:24","date_gmt":"2018-06-17T21:49:24","guid":{"rendered":"https:\/\/pcce.com.ar\/pcce\/?p=2890"},"modified":"2018-06-17T18:49:24","modified_gmt":"2018-06-17T21:49:24","slug":"sindicales-unidad-lucha-y-disputa-de-poder","status":"publish","type":"post","link":"https:\/\/pcce.com.ar\/pcce\/2018\/06\/17\/sindicales-unidad-lucha-y-disputa-de-poder\/","title":{"rendered":"SINDICALES: Unidad, lucha y disputa de poder"},"content":{"rendered":"<div class=\"story\">\n<h4 class=\"basic-paragraph\">SINDICALES<\/h4>\n<h1 class=\"basic-paragraph\">Unidad, lucha y disputa de poder<\/h1>\n<\/div>\n<div class=\"story\">\n<p class=\"copete-general\">El pasado 1 de junio, un colmado Club Defensores de Moreno -con m\u00e1s de 4 mil militantes pol\u00edticos, sociales y sindicales- fue el escenario en el que se desarroll\u00f3 el acto-homenaje por los 50 a\u00f1os de la creaci\u00f3n de la CGT de los Argentinos, organizado por la CGT-Regional Oeste, que conduce el compa\u00f1ero diputado nacional Walter Correa.<\/p>\n<\/div>\n<div class=\"story\">\n<p class=\"capitular-texto-gral\">La actividad, marcada por un contundente repudio al \u2018acuerdo\u2019 con el FMI, cont\u00f3 con la presencia de \u2018El Gringo\u2019 Amichetti de Gr\u00e1ficos, \u2018El Tano\u2019 Catalano de ATE-Capital y N\u00e9stor Segovia de los Metrodelegados, entre otros. Tambi\u00e9n participaron diputados, senadores y dirigentes de Unidad Ciudadana encabezados por el compa\u00f1ero M\u00e1ximo Kirchner, as\u00ed como nuestros camaradas Cristian Barbarini (responsable sindical del Partido) y Lita Bertagna (secretaria adjunta de CTA regional San Miguel-Malvinas Argentinas-Jos\u00e9 C. Paz).<\/p>\n<p class=\"texto-general\">En su intervenci\u00f3n, el compa\u00f1ero Walter Correa afirm\u00f3 que \u201ceste es el primer acto que hacemos (&#8230;) en contra del FMI\u201d, que \u201ccon las pol\u00edticas de los \u201890 quedamos los trabajadores en la calle, con la miseria, la desocupaci\u00f3n, la desesperanza \u00bfy saben c\u00f3mo salimos, compa\u00f1eros, de los \u201890? \u00a1Luchando, luchando y luchando!, no hay otro camino\u201d, concluy\u00f3, llamando a poner de pie un paro general.<\/p>\n<p class=\"texto-general\">\u2018El gringo\u2019 Amichetti coincidi\u00f3 en que \u201chay un solo camino, que est\u00e1 en nuestra propia historia, en los compa\u00f1eros que nos indicaron cuales son los principios de este movimiento, y marcan la l\u00ednea divisoria entre los que quieren combatir, y los que negocian y se entregan\u201d.<\/p>\n<p class=\"texto-general\">El compa\u00f1ero M\u00e1ximo Kirchner, al cerrar el acto, destac\u00f3 la unidad alcanzada en el Congreso para votar la ley contra el tarifazo, convocando a m\u00e1s unidad, en el Parlamento y en la calle, para parar el ajuste. Emocion\u00f3 al auditorio al recordar la alegr\u00eda de N\u00e9stor cuando \u201cle sac\u00f3 la pata del FMI de la cabeza a todos los argentinos\u201d. M\u00e1ximo cuestion\u00f3 la decisi\u00f3n del gobierno nacional de \u201ctensionar con los trabajadores y los humildes porque cree que este pueblo no va hacer nada\u201d. En este sentido, concluy\u00f3: \u201cEst\u00e1n profundamente equivocados. Est\u00e1n llevando al l\u00edmite la paciencia de la gente y la paciencia no es de goma\u201d.<\/p>\n<p class=\"texto-general\">Espacios intersindicales se multiplican d\u00eda a d\u00eda en cada lugar. El Frente Sindical Unidad Ciudadana marca un camino de lucha y de resistencia, y por la construcci\u00f3n de una alternativa pol\u00edtica al neoliberalismo. Aportar a su desarrollo en cada centro de trabajo es el compromiso de los comunistas del PCCE.<\/p>\n<\/div>\n","protected":false},"excerpt":{"rendered":"<p>SINDICALES Unidad, lucha y disputa de poder El pasado 1 de junio, un colmado Club Defensores de Moreno -con m\u00e1s de 4 mil militantes pol\u00edticos, sociales y sindicales- fue el escenario en el que se desarroll\u00f3 el acto-homenaje por los 50 a\u00f1os de la creaci\u00f3n de la CGT de los Argentinos, organizado por la CGT-Regional [&hellip;]<\/p>\n","protected":false},"author":1,"featured_media":2869,"comment_status":"closed","ping_status":"closed","sticky":false,"template":"","format":"standard","meta":{"tdm_status":"","tdm_grid_status":"","footnotes":""},"categories":[4,9],"tags":[],"class_list":["post-2890","post","type-post","status-publish","format-standard","has-post-thumbnail","hentry","category-featured","category-vidadepartido"],"_links":{"self":[{"href":"https:\/\/pcce.com.ar\/pcce\/wp-json\/wp\/v2\/posts\/2890","targetHints":{"allow":["GET"]}}],"collection":[{"href":"https:\/\/pcce.com.ar\/pcce\/wp-json\/wp\/v2\/posts"}],"about":[{"href":"https:\/\/pcce.com.ar\/pcce\/wp-json\/wp\/v2\/types\/post"}],"author":[{"embeddable":true,"href":"https:\/\/pcce.com.ar\/pcce\/wp-json\/wp\/v2\/users\/1"}],"replies":[{"embeddable":true,"href":"https:\/\/pcce.com.ar\/pcce\/wp-json\/wp\/v2\/comments?post=2890"}],"version-history":[{"count":0,"href":"https:\/\/pcce.com.ar\/pcce\/wp-json\/wp\/v2\/posts\/2890\/revisions"}],"wp:featuredmedia":[{"embeddable":true,"href":"https:\/\/pcce.com.ar\/pcce\/wp-json\/wp\/v2\/media\/2869"}],"wp:attachment":[{"href":"https:\/\/pcce.com.ar\/pcce\/wp-json\/wp\/v2\/media?parent=2890"}],"wp:term":[{"taxonomy":"category","embeddable":true,"href":"https:\/\/pcce.com.ar\/pcce\/wp-json\/wp\/v2\/categories?post=2890"},{"taxonomy":"post_tag","embeddable":true,"href":"https:\/\/pcce.com.ar\/pcce\/wp-json\/wp\/v2\/tags?post=2890"}],"curies":[{"name":"wp","href":"https:\/\/api.w.org\/{rel}","templated":true}]}}