{"id":2924,"date":"2018-06-29T15:37:57","date_gmt":"2018-06-29T18:37:57","guid":{"rendered":"https:\/\/pcce.com.ar\/pcce\/?p=2924"},"modified":"2018-06-29T15:37:57","modified_gmt":"2018-06-29T18:37:57","slug":"charla-en-sociales-uba-la-educacion-no-se-vende","status":"publish","type":"post","link":"https:\/\/pcce.com.ar\/pcce\/2018\/06\/29\/charla-en-sociales-uba-la-educacion-no-se-vende\/","title":{"rendered":"CHARLA EN SOCIALES-UBA: \u00a1La educaci\u00f3n no se vende!"},"content":{"rendered":"<div class=\"story\">\n<h4 class=\"basic-paragraph\"><span class=\"mayuscula\">CHARLA EN SOCIALES-UBA<\/span><\/h4>\n<\/div>\n<div class=\"story\">\n<h1 class=\"titulo-2\">\u00a1La educaci\u00f3n no se vende!<\/h1>\n<\/div>\n<div class=\"story\">\n<p class=\"recuadro-letra-capitular\">El d\u00eda viernes 22 de mayo realizamos desde nuestra agrupaci\u00f3n La Fidel una charla en la facultad de Sociales de la UBA, motivada por la situaci\u00f3n de la educaci\u00f3n p\u00fablica en nuestro pa\u00eds, de la que participaron las camaradas Tamara Ferrero de la comisi\u00f3n directiva de ADUNLa; Florencia Diasprotti, delegada por UTE de la escuela Carlos Mugica (Villa 31), y Julia Segre de nuestra agrupaci\u00f3n 16 de Septiembre y estudiante del colegio Carlos Pellegrini.<\/p>\n<p class=\"recuadro-letra\">La presentaci\u00f3n corri\u00f3 por cuenta de Laura de La Fidel, quien hizo hincapi\u00e9 en el amplio abanico de reivindicaciones comprendidas en la defensa de la Educaci\u00f3n P\u00fablica, desde la pelea contra la UNICABA hasta la aplicaci\u00f3n de la Educaci\u00f3n Sexual Integral, desde el CONICET hasta el presupuesto para garantizar viandas y becas, y la necesidad de articular todas las luchas.<\/p>\n<p class=\"recuadro-letra\">Florencia llev\u00f3 la voz de las escuelas p\u00fablicas de la Capital Federal y, en particular, de la Escuela Carlos Mugica de la Villa 31, cuya comunidad educativa pelea hace tiempo por un Polo Educativo en condiciones de garantizar una educaci\u00f3n digna: \u201cDesde el 2007 que el macrismo gobierna la Ciudad, y el presupuesto para educaci\u00f3n pas\u00f3 del 30% al 18%, lo que se refleja en todos los niveles educativos\u201d.<\/p>\n<p class=\"recuadro-letra\">Por su parte, Julia hizo hincapi\u00e9 en la campa\u00f1a de los secundarios contra la aplicaci\u00f3n de la NES y por la Educaci\u00f3n Sexual Integral y el aborto legal, seguro y gratuito: \u201cHay que parar la reforma del gobierno que no quiere sujetos cr\u00edticos sino mano de obra r\u00e1pida y barata para el mercado laboral\u201d.<\/p>\n<p class=\"recuadro-letra\">Para finalizar, Tamara aport\u00f3 la perspectiva de las universidades del Conurbano: \u201csiempre decimos que la universidad puede ser aut\u00f3noma de todo menos de las necesidades del Pueblo. Por eso junto a la federaci\u00f3n y los gremios docentes salimos a repudiar el acuerdo con el FMI, que implica desmantelar la Educaci\u00f3n P\u00fablica\u201d. Como cierre, se hizo un llamado a los camaradas a seguir ganando inserci\u00f3n en las luchas para construir un frente antineoliberal que est\u00e9 a la altura de las circunstancias.<\/p>\n<\/div>\n","protected":false},"excerpt":{"rendered":"<p>CHARLA EN SOCIALES-UBA \u00a1La educaci\u00f3n no se vende! El d\u00eda viernes 22 de mayo realizamos desde nuestra agrupaci\u00f3n La Fidel una charla en la facultad de Sociales de la UBA, motivada por la situaci\u00f3n de la educaci\u00f3n p\u00fablica en nuestro pa\u00eds, de la que participaron las camaradas Tamara Ferrero de la comisi\u00f3n directiva de ADUNLa; [&hellip;]<\/p>\n","protected":false},"author":1,"featured_media":2909,"comment_status":"closed","ping_status":"closed","sticky":false,"template":"","format":"standard","meta":{"tdm_status":"","tdm_grid_status":"","footnotes":""},"categories":[4,9],"tags":[],"class_list":["post-2924","post","type-post","status-publish","format-standard","has-post-thumbnail","hentry","category-featured","category-vidadepartido"],"_links":{"self":[{"href":"https:\/\/pcce.com.ar\/pcce\/wp-json\/wp\/v2\/posts\/2924","targetHints":{"allow":["GET"]}}],"collection":[{"href":"https:\/\/pcce.com.ar\/pcce\/wp-json\/wp\/v2\/posts"}],"about":[{"href":"https:\/\/pcce.com.ar\/pcce\/wp-json\/wp\/v2\/types\/post"}],"author":[{"embeddable":true,"href":"https:\/\/pcce.com.ar\/pcce\/wp-json\/wp\/v2\/users\/1"}],"replies":[{"embeddable":true,"href":"https:\/\/pcce.com.ar\/pcce\/wp-json\/wp\/v2\/comments?post=2924"}],"version-history":[{"count":0,"href":"https:\/\/pcce.com.ar\/pcce\/wp-json\/wp\/v2\/posts\/2924\/revisions"}],"wp:featuredmedia":[{"embeddable":true,"href":"https:\/\/pcce.com.ar\/pcce\/wp-json\/wp\/v2\/media\/2909"}],"wp:attachment":[{"href":"https:\/\/pcce.com.ar\/pcce\/wp-json\/wp\/v2\/media?parent=2924"}],"wp:term":[{"taxonomy":"category","embeddable":true,"href":"https:\/\/pcce.com.ar\/pcce\/wp-json\/wp\/v2\/categories?post=2924"},{"taxonomy":"post_tag","embeddable":true,"href":"https:\/\/pcce.com.ar\/pcce\/wp-json\/wp\/v2\/tags?post=2924"}],"curies":[{"name":"wp","href":"https:\/\/api.w.org\/{rel}","templated":true}]}}