{"id":2926,"date":"2018-06-29T15:39:21","date_gmt":"2018-06-29T18:39:21","guid":{"rendered":"https:\/\/pcce.com.ar\/pcce\/?p=2926"},"modified":"2018-06-29T15:39:21","modified_gmt":"2018-06-29T18:39:21","slug":"festejo-por-los-300-numeros-de-nuestra-palabra","status":"publish","type":"post","link":"https:\/\/pcce.com.ar\/pcce\/2018\/06\/29\/festejo-por-los-300-numeros-de-nuestra-palabra\/","title":{"rendered":"FESTEJO POR LOS 300 N\u00daMEROS DE NUESTRA PALABRA"},"content":{"rendered":"<div class=\"story\">\n<h4 class=\"basic-paragraph\">Trinchera de ideas de un Partido que crece<\/h4>\n<\/div>\n<div class=\"story\">\n<h1 class=\"basic-paragraph\"><span class=\"mayuscula\">FESTEJO POR LOS 300 N\u00daMEROS DE NUESTRA PALABRA<\/span><\/h1>\n<\/div>\n<div class=\"story\">\n<p class=\"copete-general\">El s\u00e1bado 16 de junio, en nuestro local de Avellaneda, los comunistas celebramos los 300 n\u00fameros de Nuestra Palabra y 24 a\u00f1os desde su primera edici\u00f3n. \u201cNP es la carta de presentaci\u00f3n de nuestra l\u00ednea pol\u00edtica, de la cual estamos orgullosos\u201d, manifest\u00f3 el director del peri\u00f3dico, Ezequiel D\u2019Adamo.<\/p>\n<\/div>\n<div class=\"story\">\n<p class=\"capitular-texto-gral\">La celebraci\u00f3n cont\u00f3 con la presencia de nuestro Secretario General, Pablo Pereyra, y decenas de camaradas de diferentes regionales, en especial de CABA y el conurbano bonaerense. Pasadas las nueve de la noche, con un local ya colmado de militancia, tom\u00f3 la palabra el director de NP, Ezequiel D\u2019Adamo, quien comenz\u00f3 relatando el nacimiento y los primeros a\u00f1os de Nuestra Palabra, all\u00e1 por 1994, adem\u00e1s de expresar la importancia y el significado de editar un peri\u00f3dico de estas caracter\u00edsticas. \u201cEl peri\u00f3dico, en s\u00ed mismo, es un pedazo de papel si no hay un colectivo detr\u00e1s que le otorga una funci\u00f3n determinada con un objetivo: luchar por la revoluci\u00f3n, luchar por la liberaci\u00f3n nacional y social y luchar por el camino argentino al socialismo\u201d manifest\u00f3 Ezequiel.<\/p>\n<p class=\"texto-general\">La aparici\u00f3n de Nuestra Palabra fue previa a la existencia del PCCE. \u201cPC Nuestra Palabra\u201d era la denominaci\u00f3n de los comunistas que segu\u00edamos la l\u00ednea del Frentismo de Liberaci\u00f3n y la defensa del Marxismo-Leninismo en aquellos a\u00f1os inmediatos a la ca\u00edda del Muro de Berl\u00edn. NP nace como trinchera para defender esa l\u00ednea, en oposici\u00f3n a una camarilla de oportunistas (tanto de \u201cizquierda\u201d como de derecha) que se hab\u00eda apropiado del aparato partidario, ya sea para disolver el partido, convertirlo en una secta similar al trotskismo o para transformarlo en un simple sello incapaz de disputar poder. \u201cFue un momento de confusi\u00f3n y dispersi\u00f3n de la militancia y de contrabando ideol\u00f3gico por parte de algunos dirigentes\u201d relat\u00f3 Ezequiel. En ese contexto, desde el nacimiento del peri\u00f3dico hasta la fundaci\u00f3n del PCCE en 1996, Nuestra Palabra busc\u00f3 agrupar fuerzas y cohesionar a la militancia en nuestro enfoque y l\u00ednea pol\u00edtica. As\u00ed fue como muchas c\u00e9lulas, que no avalaban el proceso liquidacionista, se aglutinaron en torno a la distribuci\u00f3n del peri\u00f3dico. Finalmente, el 9 de diciembre de 1996, con el inmortal camarada Jorge Pereyra como Secretario General, nace el PCCE con Nuestra Palabra como \u00f3rgano central del Partido. Jorge fue la columna vertebral de nuestro peri\u00f3dico, con sus escritos siempre esclarecedores y visionarios; con sus editoriales, que escrib\u00eda una vez por mes y explicaban, como nadie, la coyuntura nacional e internacional, la etapa que atraves\u00e1bamos y la \u00e9poca, siempre con un enfoque Marxista-Leninista.<\/p>\n<p class=\"texto-general\">En ese marco, Ezequiel hizo un reconocimiento a los compa\u00f1eros que comenzaron con la redacci\u00f3n y difusi\u00f3n del peri\u00f3dico en esos primeros a\u00f1os, cuando cont\u00e1bamos con muy pocos recursos y \u00e9ramos atacados por todos los frentes. \u201cHay una historia muy larga recorrida de muchos compa\u00f1eros que, con esfuerzo y dedicaci\u00f3n, hicieron posible esta publicaci\u00f3n que hasta el d\u00eda de hoy nos enorgullece\u201d. En aquellas condiciones, NP sal\u00eda una vez al mes pero, a medida que el Partido crec\u00eda y como necesidad de la nueva etapa, se decidi\u00f3 editar el peri\u00f3dico de forma quincenal y conformar una nueva redacci\u00f3n, que es la que est\u00e1 funcionando en la actualidad y a la que tambi\u00e9n se le hizo un reconocimiento.<\/p>\n<p class=\"texto-general\">Ezequiel remarco que Nuestra Palabra tambi\u00e9n funciona como instrumento frentista, no solo hacia adentro, sino tambi\u00e9n hacia afuera. \u201cEl peri\u00f3dico expresa mejor que nadie, no solo la posici\u00f3n de los comunistas argentinos, sino tambi\u00e9n las posiciones del campo popular en general y del kirchnerismo en particular como tal vez ninguna otra publicaci\u00f3n\u201d. As\u00ed es como muchos compa\u00f1eros del campo popular, en especial del peronismo, nos han alabado la prensa en incontables oportunidades. \u201cPor esto, y por toda la historia que hay detr\u00e1s, NP se lee y distribuye con pasi\u00f3n por nuestra militancia\u201d finaliz\u00f3.<\/p>\n<\/div>\n","protected":false},"excerpt":{"rendered":"<p>Trinchera de ideas de un Partido que crece FESTEJO POR LOS 300 N\u00daMEROS DE NUESTRA PALABRA El s\u00e1bado 16 de junio, en nuestro local de Avellaneda, los comunistas celebramos los 300 n\u00fameros de Nuestra Palabra y 24 a\u00f1os desde su primera edici\u00f3n. \u201cNP es la carta de presentaci\u00f3n de nuestra l\u00ednea pol\u00edtica, de la cual [&hellip;]<\/p>\n","protected":false},"author":1,"featured_media":2908,"comment_status":"closed","ping_status":"closed","sticky":false,"template":"","format":"standard","meta":{"tdm_status":"","tdm_grid_status":"","footnotes":""},"categories":[4,9],"tags":[],"class_list":["post-2926","post","type-post","status-publish","format-standard","has-post-thumbnail","hentry","category-featured","category-vidadepartido"],"_links":{"self":[{"href":"https:\/\/pcce.com.ar\/pcce\/wp-json\/wp\/v2\/posts\/2926","targetHints":{"allow":["GET"]}}],"collection":[{"href":"https:\/\/pcce.com.ar\/pcce\/wp-json\/wp\/v2\/posts"}],"about":[{"href":"https:\/\/pcce.com.ar\/pcce\/wp-json\/wp\/v2\/types\/post"}],"author":[{"embeddable":true,"href":"https:\/\/pcce.com.ar\/pcce\/wp-json\/wp\/v2\/users\/1"}],"replies":[{"embeddable":true,"href":"https:\/\/pcce.com.ar\/pcce\/wp-json\/wp\/v2\/comments?post=2926"}],"version-history":[{"count":0,"href":"https:\/\/pcce.com.ar\/pcce\/wp-json\/wp\/v2\/posts\/2926\/revisions"}],"wp:featuredmedia":[{"embeddable":true,"href":"https:\/\/pcce.com.ar\/pcce\/wp-json\/wp\/v2\/media\/2908"}],"wp:attachment":[{"href":"https:\/\/pcce.com.ar\/pcce\/wp-json\/wp\/v2\/media?parent=2926"}],"wp:term":[{"taxonomy":"category","embeddable":true,"href":"https:\/\/pcce.com.ar\/pcce\/wp-json\/wp\/v2\/categories?post=2926"},{"taxonomy":"post_tag","embeddable":true,"href":"https:\/\/pcce.com.ar\/pcce\/wp-json\/wp\/v2\/tags?post=2926"}],"curies":[{"name":"wp","href":"https:\/\/api.w.org\/{rel}","templated":true}]}}