{"id":2963,"date":"2018-07-15T18:00:53","date_gmt":"2018-07-15T21:00:53","guid":{"rendered":"https:\/\/pcce.com.ar\/pcce\/?p=2963"},"modified":"2018-07-15T18:00:53","modified_gmt":"2018-07-15T21:00:53","slug":"provincia-de-buenos-aires-avanzan-los-secus-en-gral-rodriguez","status":"publish","type":"post","link":"https:\/\/pcce.com.ar\/pcce\/2018\/07\/15\/provincia-de-buenos-aires-avanzan-los-secus-en-gral-rodriguez\/","title":{"rendered":"PROVINCIA DE BUENOS AIRES: Avanzan los secus en Gral. Rodr\u00edguez"},"content":{"rendered":"<div class=\"story\">\n<h4 class=\"basic-paragraph\"><span class=\"mayuscula\">PROVINCIA DE BUENOS AIRES<\/span><\/h4>\n<\/div>\n<div class=\"story\">\n<h1 class=\"titulo-2\">Avanzan los secus en Gral. Rodr\u00edguez<\/h1>\n<\/div>\n<div class=\"story\">\n<p class=\"recuadro-letra-capitular\">El 5 de julio se realizaron las elecciones del Centro de Estudiantes del Colegio industrial N\u00ba1 Javier Tapie de Gral. Rodr\u00edguez, donde result\u00f3 electa la lista \u201816 de Septiembre\u2019 con 447 votos, encabezada por el camarada Santiago Alfaro como candidato a Presidente.<\/p>\n<p class=\"recuadro-letra\">Impulsada por nuestro compa\u00f1ero, se conform\u00f3 una agrupaci\u00f3n amplia con el objetivo de reactivar el Centro de estudiantes (que se encontraba en estado de disoluci\u00f3n casi total), formar a compa\u00f1eros y compa\u00f1eras que puedan sostener en el tiempo una organizaci\u00f3n estudiantil s\u00f3lida y luchar por los derechos de los estudiantes frente a un gobierno (nacional, provincial y local) que avanza contra la educaci\u00f3n p\u00fablica.<\/p>\n<p class=\"recuadro-letra\">Asimismo los estudiantes de La 16 se hicieron presentes con su solidaridad en la escuela N\u00ba6 que se encontraba en conflicto (impulsado por sus alumnos) debido a un injusto intento, por parte de las autoridades, de desplazar al director (quien denunci\u00f3 el mal estado de su escuela). All\u00ed, los estudiantes de La 16 intercambiaron experiencias con estudiantes y padres, y ayudaron a sostener el conflicto y dar los primeros pasos para conformar un Centro de Estudiantes propio. Los secundarios del PCCE militamos para fortalecer las organizaciones estudiantiles con el fin de defender nuestros derechos y conquistas, y en la lucha contra el ajuste, construir consciencia por una salida pol\u00edtica contra el neoliberalismo.<\/p>\n<\/div>\n","protected":false},"excerpt":{"rendered":"<p>PROVINCIA DE BUENOS AIRES Avanzan los secus en Gral. Rodr\u00edguez El 5 de julio se realizaron las elecciones del Centro de Estudiantes del Colegio industrial N\u00ba1 Javier Tapie de Gral. Rodr\u00edguez, donde result\u00f3 electa la lista \u201816 de Septiembre\u2019 con 447 votos, encabezada por el camarada Santiago Alfaro como candidato a Presidente. Impulsada por nuestro [&hellip;]<\/p>\n","protected":false},"author":1,"featured_media":0,"comment_status":"closed","ping_status":"closed","sticky":false,"template":"","format":"standard","meta":{"tdm_status":"","tdm_grid_status":"","footnotes":""},"categories":[9],"tags":[],"class_list":["post-2963","post","type-post","status-publish","format-standard","hentry","category-vidadepartido"],"_links":{"self":[{"href":"https:\/\/pcce.com.ar\/pcce\/wp-json\/wp\/v2\/posts\/2963","targetHints":{"allow":["GET"]}}],"collection":[{"href":"https:\/\/pcce.com.ar\/pcce\/wp-json\/wp\/v2\/posts"}],"about":[{"href":"https:\/\/pcce.com.ar\/pcce\/wp-json\/wp\/v2\/types\/post"}],"author":[{"embeddable":true,"href":"https:\/\/pcce.com.ar\/pcce\/wp-json\/wp\/v2\/users\/1"}],"replies":[{"embeddable":true,"href":"https:\/\/pcce.com.ar\/pcce\/wp-json\/wp\/v2\/comments?post=2963"}],"version-history":[{"count":0,"href":"https:\/\/pcce.com.ar\/pcce\/wp-json\/wp\/v2\/posts\/2963\/revisions"}],"wp:attachment":[{"href":"https:\/\/pcce.com.ar\/pcce\/wp-json\/wp\/v2\/media?parent=2963"}],"wp:term":[{"taxonomy":"category","embeddable":true,"href":"https:\/\/pcce.com.ar\/pcce\/wp-json\/wp\/v2\/categories?post=2963"},{"taxonomy":"post_tag","embeddable":true,"href":"https:\/\/pcce.com.ar\/pcce\/wp-json\/wp\/v2\/tags?post=2963"}],"curies":[{"name":"wp","href":"https:\/\/api.w.org\/{rel}","templated":true}]}}