{"id":2967,"date":"2018-07-15T18:04:40","date_gmt":"2018-07-15T21:04:40","guid":{"rendered":"https:\/\/pcce.com.ar\/pcce\/?p=2967"},"modified":"2018-07-15T18:04:40","modified_gmt":"2018-07-15T21:04:40","slug":"barrio-carlos-mugica-villa-31-que-se-escuche-la-voz-del-barrio","status":"publish","type":"post","link":"https:\/\/pcce.com.ar\/pcce\/2018\/07\/15\/barrio-carlos-mugica-villa-31-que-se-escuche-la-voz-del-barrio\/","title":{"rendered":"BARRIO CARLOS MUGICA &#8211; VILLA 31: Que se escuche la voz del barrio"},"content":{"rendered":"<div class=\"story\">\n<h4 class=\"basic-paragraph\"><span class=\"mayuscula\">BARRIO CARLOS MUGICA &#8211; VILLA 31<\/span><\/h4>\n<\/div>\n<div class=\"story\">\n<h1 class=\"basic-paragraph\">Que se escuche la voz del barrio<\/h1>\n<\/div>\n<div class=\"story\">\n<h3 class=\"copete-general\">El pasado 4 de julio m\u00e1s de 1000 vecinos del barrio Carlos Mugica se concentraron en Retiro para decir NO al proyecto de urbanizaci\u00f3n del Jefe de Gobierno porte\u00f1o Horacio Rodr\u00edguez Larreta (PRO), que pretende convertir toda la zona en un negocio inmobiliario.<\/h3>\n<\/div>\n<div class=\"story\">\n<p class=\"capitular-texto-gral\">El evento tuvo lugar luego de que el gobierno intentase avanzar de manera inconsulta y unilateral por sobre los terrenos del barrio. Estas acciones ponen en pie de guerra a los vecinos, quienes exigen al PRO que cumpla con la Ley 3343, que obliga al Estado a urbanizar la Villa 31 en conjunto con quienes la habitan.<\/p>\n<p class=\"texto-general\">Desde que el macrismo lleg\u00f3 al gobierno nacional, Rodr\u00edguez Larreta viene lanzando una ofensiva para avanzar sobre los vecinos de la Villa 31 y apropiarse de sus terrenos, con el objetivo de apuntalar el desarrollo de un fabuloso negocio inmobiliario. Sin ir m\u00e1s lejos, a comienzos de este a\u00f1o el gobierno de la Ciudad desaloj\u00f3 arbitrariamente a toda la comunidad educativa de los colegios Carlos Mugica y Banderita (los \u00fanicos colegios p\u00fablicos del barrio) y los mand\u00f3 a estudiar y trabajar a unos galpones (que dicho sea de paso el gobierno alquila a la familia Dietrich), con la excusa de poner en pie un Polo Educativo del que hasta ahora no hay ninguna noticia y cuyo proyecto no fue consensuado con nadie. En ese conflicto juega un rol destacado nuestra camarada Florencia Diasprotti, docente y delegada de UTE. Como si fuera poco, las condiciones de vida en el barrio son cada vez m\u00e1s deplorables, con cortes de luz, incendios, represi\u00f3n policial, ambulancias que no entran y un gobierno que mira para el costado.<\/p>\n<p class=\"texto-general\">Desde el Partido hace a\u00f1os que construimos en el barrio, participamos de las asambleas y de las distintas instancias de organizaci\u00f3n, entre ellas la Mesa de Urbanizaci\u00f3n Participativa en la que confluimos los vecinos y las organizaciones. Al respecto, nuestra compa\u00f1era Natacha Peralta (responsable de la c\u00e9lula del Partido en la Villa 31) expres\u00f3 que \u201cla resistencia se organiza desde abajo, junto a los vecinos y vecinas del barrio. En unidad podemos hacer retroceder al neoliberalismo\u201d.<\/p>\n<p class=\"texto-general\">El malestar que vive la Villa 31 es el mismo que se siente en todo el pa\u00eds, con un gobierno que avanza contra la educaci\u00f3n, la salud, los derechos laborales y en todos los frentes en donde el pueblo no los detenga. Por eso apostamos a seguir apuntalando cada una de las luchas, con conciencia y organizaci\u00f3n para construir una alternativa pol\u00edtica y derrotar al neoliberalismo.<\/p>\n<\/div>\n","protected":false},"excerpt":{"rendered":"<p>BARRIO CARLOS MUGICA &#8211; VILLA 31 Que se escuche la voz del barrio El pasado 4 de julio m\u00e1s de 1000 vecinos del barrio Carlos Mugica se concentraron en Retiro para decir NO al proyecto de urbanizaci\u00f3n del Jefe de Gobierno porte\u00f1o Horacio Rodr\u00edguez Larreta (PRO), que pretende convertir toda la zona en un negocio [&hellip;]<\/p>\n","protected":false},"author":1,"featured_media":2968,"comment_status":"closed","ping_status":"closed","sticky":false,"template":"","format":"standard","meta":{"tdm_status":"","tdm_grid_status":"","footnotes":""},"categories":[4,9],"tags":[],"class_list":["post-2967","post","type-post","status-publish","format-standard","has-post-thumbnail","hentry","category-featured","category-vidadepartido"],"_links":{"self":[{"href":"https:\/\/pcce.com.ar\/pcce\/wp-json\/wp\/v2\/posts\/2967","targetHints":{"allow":["GET"]}}],"collection":[{"href":"https:\/\/pcce.com.ar\/pcce\/wp-json\/wp\/v2\/posts"}],"about":[{"href":"https:\/\/pcce.com.ar\/pcce\/wp-json\/wp\/v2\/types\/post"}],"author":[{"embeddable":true,"href":"https:\/\/pcce.com.ar\/pcce\/wp-json\/wp\/v2\/users\/1"}],"replies":[{"embeddable":true,"href":"https:\/\/pcce.com.ar\/pcce\/wp-json\/wp\/v2\/comments?post=2967"}],"version-history":[{"count":0,"href":"https:\/\/pcce.com.ar\/pcce\/wp-json\/wp\/v2\/posts\/2967\/revisions"}],"wp:featuredmedia":[{"embeddable":true,"href":"https:\/\/pcce.com.ar\/pcce\/wp-json\/wp\/v2\/media\/2968"}],"wp:attachment":[{"href":"https:\/\/pcce.com.ar\/pcce\/wp-json\/wp\/v2\/media?parent=2967"}],"wp:term":[{"taxonomy":"category","embeddable":true,"href":"https:\/\/pcce.com.ar\/pcce\/wp-json\/wp\/v2\/categories?post=2967"},{"taxonomy":"post_tag","embeddable":true,"href":"https:\/\/pcce.com.ar\/pcce\/wp-json\/wp\/v2\/tags?post=2967"}],"curies":[{"name":"wp","href":"https:\/\/api.w.org\/{rel}","templated":true}]}}